{"id":2304,"date":"2023-09-15T13:37:00","date_gmt":"2023-09-15T10:37:00","guid":{"rendered":"https:\/\/www.ykts.fi\/?p=2304"},"modified":"2023-09-28T18:09:55","modified_gmt":"2023-09-28T15:09:55","slug":"ykts-yrittajyyskasvatuspaivien-2023-vahvistettu-ohjelma","status":"publish","type":"post","link":"https:\/\/www.ykts.fi\/en\/ykts-yrittajyyskasvatuspaivien-2023-vahvistettu-ohjelma\/","title":{"rendered":"YKTS Yritt\u00e4jyyskasvatusp\u00e4ivien 2023 vahvistettu ohjelma"},"content":{"rendered":"<p>Vuoden 2023 YKTS Yritt\u00e4jyyskasvatusp\u00e4ivien teemana on Kriittisi\u00e4 ja reflektiivisi\u00e4 n\u00e4k\u00f6kulmia yritt\u00e4jyyskasvatukseen. Tarkoituksena on her\u00e4tt\u00e4\u00e4 keskustelua yritt\u00e4jyyskasvatuksessa vallitsevan yritt\u00e4jyyden hy\u00f6tyjen korostavan positiivisuusharhan ymp\u00e4rill\u00e4.&nbsp;<\/p>\n\n\n\n<p>More information: <a href=\"https:\/\/sites.utu.fi\/ykts2023\/\">https:\/\/sites.utu.fi\/ykts2023\/<\/a><\/p>\n\n\n\n<p>The official programme of the conference has been confirmed. Join us for presentations by top speakers and a wide range of workshops. You can read more: https:\/\/sites.utu.fi\/ykts2023\/en\/program\/ <a href=\"https:\/\/sites.utu.fi\/ykts2023\/ohjelma\/\">https:\/\/sites.utu.fi\/ykts2023\/ohjelma\/<\/a><\/p>\n\n\n\n<figure class=\"wp-block-image size-large\"><img fetchpriority=\"high\" decoding=\"async\" width=\"723\" height=\"1024\" src=\"https:\/\/www.ykts.fi\/wp-content\/uploads\/2023\/09\/programme_we.png\" alt=\"\" class=\"wp-image-2257\" srcset=\"https:\/\/www.ykts.fi\/wp-content\/uploads\/2023\/09\/programme_we.png 794w, https:\/\/www.ykts.fi\/wp-content\/uploads\/2023\/09\/programme_we-212x300.png 212w, https:\/\/www.ykts.fi\/wp-content\/uploads\/2023\/09\/programme_we-723x1024.png 723w, https:\/\/www.ykts.fi\/wp-content\/uploads\/2023\/09\/programme_we-768x1087.png 768w, https:\/\/www.ykts.fi\/wp-content\/uploads\/2023\/09\/programme_we-8x12.png 8w\" sizes=\"(max-width: 723px) 100vw, 723px\" \/><\/figure>\n\n\n\n<figure class=\"wp-block-image size-full\"><img decoding=\"async\" width=\"568\" height=\"801\" src=\"https:\/\/www.ykts.fi\/wp-content\/uploads\/2023\/09\/programme_thu.png\" alt=\"\" class=\"wp-image-2258\" srcset=\"https:\/\/www.ykts.fi\/wp-content\/uploads\/2023\/09\/programme_thu.png 792w, https:\/\/www.ykts.fi\/wp-content\/uploads\/2023\/09\/programme_thu-212x300.png 212w, https:\/\/www.ykts.fi\/wp-content\/uploads\/2023\/09\/programme_thu-722x1024.png 722w, https:\/\/www.ykts.fi\/wp-content\/uploads\/2023\/09\/programme_thu-768x1089.png 768w, https:\/\/www.ykts.fi\/wp-content\/uploads\/2023\/09\/programme_thu-8x12.png 8w\" sizes=\"(max-width: 568px) 100vw, 568px\" \/><\/figure>","protected":false},"excerpt":{"rendered":"<p>Vuoden 2023 YKTS Yritt\u00e4jyyskasvatusp\u00e4ivien teemana on Kriittisi\u00e4 ja reflektiivisi\u00e4 n\u00e4k\u00f6kulmia yritt\u00e4jyyskasvatukseen. Tarkoituksena on her\u00e4tt\u00e4\u00e4 keskustelua yritt\u00e4jyyskasvatuksessa vallitsevan yritt\u00e4jyyden hy\u00f6tyjen korostavan positiivisuusharhan ymp\u00e4rill\u00e4.&nbsp; Lis\u00e4tietoja: https:\/\/sites.utu.fi\/ykts2023\/ Konferenssin virallinen ohjelma on vahvistettu. Tule mukaan huippupuhujien esityksiin ja monipuolisiin ty\u00f6pajoihin. Voit my\u00f6s lukea ohjelman t\u00e4st\u00e4 linkist\u00e4: https:\/\/sites.utu.fi\/ykts2023\/ohjelma\/<\/p>","protected":false},"author":7,"featured_media":1850,"comment_status":"open","ping_status":"open","sticky":false,"template":"","format":"standard","meta":{"site-sidebar-layout":"default","site-content-layout":"default","ast-global-header-display":"","ast-main-header-display":"","ast-hfb-above-header-display":"","ast-hfb-below-header-display":"","ast-hfb-mobile-header-display":"","site-post-title":"","ast-breadcrumbs-content":"","ast-featured-img":"","footer-sml-layout":"","theme-transparent-header-meta":"","adv-header-id-meta":"","stick-header-meta":"","header-above-stick-meta":"","header-main-stick-meta":"","header-below-stick-meta":"","footnotes":""},"categories":[7,13],"tags":[],"class_list":["post-2304","post","type-post","status-publish","format-standard","has-post-thumbnail","hentry","category-finnish","category-uutiset"],"yoast_head":"<!-- This site is optimized with the Yoast SEO plugin v26.8 - https:\/\/yoast.com\/product\/yoast-seo-wordpress\/ -->\n<title>YKTS Yritt\u00e4jyyskasvatusp\u00e4ivien 2023 vahvistettu ohjelma | Yritt&auml;jyyskasvatuksen Tutkimusseura ry<\/title>\n<meta name=\"robots\" content=\"index, follow, max-snippet:-1, max-image-preview:large, max-video-preview:-1\" \/>\n<link rel=\"canonical\" href=\"https:\/\/www.ykts.fi\/en\/ykts-yrittajyyskasvatuspaivien-2023-vahvistettu-ohjelma\/\" \/>\n<meta property=\"og:locale\" content=\"en_GB\" \/>\n<meta property=\"og:type\" content=\"article\" \/>\n<meta property=\"og:title\" content=\"YKTS Yritt\u00e4jyyskasvatusp\u00e4ivien 2023 vahvistettu ohjelma | Yritt&auml;jyyskasvatuksen Tutkimusseura ry\" \/>\n<meta property=\"og:description\" content=\"Vuoden 2023 YKTS Yritt\u00e4jyyskasvatusp\u00e4ivien teemana on Kriittisi\u00e4 ja reflektiivisi\u00e4 n\u00e4k\u00f6kulmia yritt\u00e4jyyskasvatukseen. Tarkoituksena on her\u00e4tt\u00e4\u00e4 keskustelua yritt\u00e4jyyskasvatuksessa vallitsevan yritt\u00e4jyyden hy\u00f6tyjen korostavan positiivisuusharhan ymp\u00e4rill\u00e4.&nbsp; Lis\u00e4tietoja: https:\/\/sites.utu.fi\/ykts2023\/ Konferenssin virallinen ohjelma on vahvistettu. Tule mukaan huippupuhujien esityksiin ja monipuolisiin ty\u00f6pajoihin. Voit my\u00f6s lukea ohjelman t\u00e4st\u00e4 linkist\u00e4: https:\/\/sites.utu.fi\/ykts2023\/ohjelma\/\" \/>\n<meta property=\"og:url\" content=\"https:\/\/www.ykts.fi\/en\/ykts-yrittajyyskasvatuspaivien-2023-vahvistettu-ohjelma\/\" \/>\n<meta property=\"og:site_name\" content=\"Yritt&auml;jyyskasvatuksen Tutkimusseura ry\" \/>\n<meta property=\"article:published_time\" content=\"2023-09-15T10:37:00+00:00\" \/>\n<meta property=\"article:modified_time\" content=\"2023-09-28T15:09:55+00:00\" \/>\n<meta property=\"og:image\" content=\"https:\/\/www.ykts.fi\/wp-content\/uploads\/2023\/04\/YKTS2023.png\" \/>\n\t<meta property=\"og:image:width\" content=\"1184\" \/>\n\t<meta property=\"og:image:height\" content=\"516\" \/>\n\t<meta property=\"og:image:type\" content=\"image\/png\" \/>\n<meta name=\"author\" content=\"YKTS ADMIN\" \/>\n<meta name=\"twitter:card\" content=\"summary_large_image\" \/>\n<meta name=\"twitter:label1\" content=\"Written by\" \/>\n\t<meta name=\"twitter:data1\" content=\"YKTS ADMIN\" \/>\n\t<meta name=\"twitter:label2\" content=\"Estimated reading time\" \/>\n\t<meta name=\"twitter:data2\" content=\"1 minute\" \/>\n<script type=\"application\/ld+json\" class=\"yoast-schema-graph\">{\"@context\":\"https:\/\/schema.org\",\"@graph\":[{\"@type\":\"Article\",\"@id\":\"https:\/\/www.ykts.fi\/ykts-yrittajyyskasvatuspaivien-2023-vahvistettu-ohjelma\/#article\",\"isPartOf\":{\"@id\":\"https:\/\/www.ykts.fi\/ykts-yrittajyyskasvatuspaivien-2023-vahvistettu-ohjelma\/\"},\"author\":{\"name\":\"YKTS ADMIN\",\"@id\":\"https:\/\/www.ykts.fi\/#\/schema\/person\/2bcd7dbefce13b96852313f64bbf34a7\"},\"headline\":\"YKTS Yritt\u00e4jyyskasvatusp\u00e4ivien 2023 vahvistettu ohjelma\",\"datePublished\":\"2023-09-15T10:37:00+00:00\",\"dateModified\":\"2023-09-28T15:09:55+00:00\",\"mainEntityOfPage\":{\"@id\":\"https:\/\/www.ykts.fi\/ykts-yrittajyyskasvatuspaivien-2023-vahvistettu-ohjelma\/\"},\"wordCount\":72,\"commentCount\":0,\"publisher\":{\"@id\":\"https:\/\/www.ykts.fi\/#organization\"},\"image\":{\"@id\":\"https:\/\/www.ykts.fi\/ykts-yrittajyyskasvatuspaivien-2023-vahvistettu-ohjelma\/#primaryimage\"},\"thumbnailUrl\":\"https:\/\/www.ykts.fi\/wp-content\/uploads\/2023\/04\/YKTS2023.png\",\"articleSection\":[\"Finnish\",\"Uutiset\"],\"inLanguage\":\"en-GB\",\"potentialAction\":[{\"@type\":\"CommentAction\",\"name\":\"Comment\",\"target\":[\"https:\/\/www.ykts.fi\/ykts-yrittajyyskasvatuspaivien-2023-vahvistettu-ohjelma\/#respond\"]}]},{\"@type\":\"WebPage\",\"@id\":\"https:\/\/www.ykts.fi\/ykts-yrittajyyskasvatuspaivien-2023-vahvistettu-ohjelma\/\",\"url\":\"https:\/\/www.ykts.fi\/ykts-yrittajyyskasvatuspaivien-2023-vahvistettu-ohjelma\/\",\"name\":\"YKTS Yritt\u00e4jyyskasvatusp\u00e4ivien 2023 vahvistettu ohjelma | Yritt&auml;jyyskasvatuksen Tutkimusseura ry\",\"isPartOf\":{\"@id\":\"https:\/\/www.ykts.fi\/#website\"},\"primaryImageOfPage\":{\"@id\":\"https:\/\/www.ykts.fi\/ykts-yrittajyyskasvatuspaivien-2023-vahvistettu-ohjelma\/#primaryimage\"},\"image\":{\"@id\":\"https:\/\/www.ykts.fi\/ykts-yrittajyyskasvatuspaivien-2023-vahvistettu-ohjelma\/#primaryimage\"},\"thumbnailUrl\":\"https:\/\/www.ykts.fi\/wp-content\/uploads\/2023\/04\/YKTS2023.png\",\"datePublished\":\"2023-09-15T10:37:00+00:00\",\"dateModified\":\"2023-09-28T15:09:55+00:00\",\"breadcrumb\":{\"@id\":\"https:\/\/www.ykts.fi\/ykts-yrittajyyskasvatuspaivien-2023-vahvistettu-ohjelma\/#breadcrumb\"},\"inLanguage\":\"en-GB\",\"potentialAction\":[{\"@type\":\"ReadAction\",\"target\":[\"https:\/\/www.ykts.fi\/ykts-yrittajyyskasvatuspaivien-2023-vahvistettu-ohjelma\/\"]}]},{\"@type\":\"ImageObject\",\"inLanguage\":\"en-GB\",\"@id\":\"https:\/\/www.ykts.fi\/ykts-yrittajyyskasvatuspaivien-2023-vahvistettu-ohjelma\/#primaryimage\",\"url\":\"https:\/\/www.ykts.fi\/wp-content\/uploads\/2023\/04\/YKTS2023.png\",\"contentUrl\":\"https:\/\/www.ykts.fi\/wp-content\/uploads\/2023\/04\/YKTS2023.png\",\"width\":1184,\"height\":516},{\"@type\":\"BreadcrumbList\",\"@id\":\"https:\/\/www.ykts.fi\/ykts-yrittajyyskasvatuspaivien-2023-vahvistettu-ohjelma\/#breadcrumb\",\"itemListElement\":[{\"@type\":\"ListItem\",\"position\":1,\"name\":\"Home\",\"item\":\"https:\/\/www.ykts.fi\/\"},{\"@type\":\"ListItem\",\"position\":2,\"name\":\"YKTS Yritt\u00e4jyyskasvatusp\u00e4ivien 2023 vahvistettu ohjelma\"}]},{\"@type\":\"WebSite\",\"@id\":\"https:\/\/www.ykts.fi\/#website\",\"url\":\"https:\/\/www.ykts.fi\/\",\"name\":\"Yritt&auml;jyyskasvatuksen Tutkimusseura ry\",\"description\":\"Yritt&auml;jyyskasvatuksen Tutkimusseura ry\",\"publisher\":{\"@id\":\"https:\/\/www.ykts.fi\/#organization\"},\"potentialAction\":[{\"@type\":\"SearchAction\",\"target\":{\"@type\":\"EntryPoint\",\"urlTemplate\":\"https:\/\/www.ykts.fi\/?s={search_term_string}\"},\"query-input\":{\"@type\":\"PropertyValueSpecification\",\"valueRequired\":true,\"valueName\":\"search_term_string\"}}],\"inLanguage\":\"en-GB\"},{\"@type\":\"Organization\",\"@id\":\"https:\/\/www.ykts.fi\/#organization\",\"name\":\"Yritt&auml;jyyskasvatuksen Tutkimusseura ry\",\"url\":\"https:\/\/www.ykts.fi\/\",\"logo\":{\"@type\":\"ImageObject\",\"inLanguage\":\"en-GB\",\"@id\":\"https:\/\/www.ykts.fi\/#\/schema\/logo\/image\/\",\"url\":\"https:\/\/www.ykts.fi\/wp-content\/uploads\/2020\/12\/cropped-YKTS_ikoni-musta.png\",\"contentUrl\":\"https:\/\/www.ykts.fi\/wp-content\/uploads\/2020\/12\/cropped-YKTS_ikoni-musta.png\",\"width\":679,\"height\":443,\"caption\":\"Yritt&auml;jyyskasvatuksen Tutkimusseura ry\"},\"image\":{\"@id\":\"https:\/\/www.ykts.fi\/#\/schema\/logo\/image\/\"}},{\"@type\":\"Person\",\"@id\":\"https:\/\/www.ykts.fi\/#\/schema\/person\/2bcd7dbefce13b96852313f64bbf34a7\",\"name\":\"YKTS ADMIN\",\"url\":\"https:\/\/www.ykts.fi\/en\/author\/yktsadmin\/\"}]}<\/script>\n<!-- \/ Yoast SEO plugin. -->","yoast_head_json":{"title":"YKTS Yritt\u00e4jyyskasvatusp\u00e4ivien 2023 vahvistettu ohjelma | Yritt&auml;jyyskasvatuksen Tutkimusseura ry","robots":{"index":"index","follow":"follow","max-snippet":"max-snippet:-1","max-image-preview":"max-image-preview:large","max-video-preview":"max-video-preview:-1"},"canonical":"https:\/\/www.ykts.fi\/en\/ykts-yrittajyyskasvatuspaivien-2023-vahvistettu-ohjelma\/","og_locale":"en_GB","og_type":"article","og_title":"YKTS Yritt\u00e4jyyskasvatusp\u00e4ivien 2023 vahvistettu ohjelma | Yritt&auml;jyyskasvatuksen Tutkimusseura ry","og_description":"Vuoden 2023 YKTS Yritt\u00e4jyyskasvatusp\u00e4ivien teemana on Kriittisi\u00e4 ja reflektiivisi\u00e4 n\u00e4k\u00f6kulmia yritt\u00e4jyyskasvatukseen. Tarkoituksena on her\u00e4tt\u00e4\u00e4 keskustelua yritt\u00e4jyyskasvatuksessa vallitsevan yritt\u00e4jyyden hy\u00f6tyjen korostavan positiivisuusharhan ymp\u00e4rill\u00e4.&nbsp; Lis\u00e4tietoja: https:\/\/sites.utu.fi\/ykts2023\/ Konferenssin virallinen ohjelma on vahvistettu. Tule mukaan huippupuhujien esityksiin ja monipuolisiin ty\u00f6pajoihin. Voit my\u00f6s lukea ohjelman t\u00e4st\u00e4 linkist\u00e4: https:\/\/sites.utu.fi\/ykts2023\/ohjelma\/","og_url":"https:\/\/www.ykts.fi\/en\/ykts-yrittajyyskasvatuspaivien-2023-vahvistettu-ohjelma\/","og_site_name":"Yritt&auml;jyyskasvatuksen Tutkimusseura ry","article_published_time":"2023-09-15T10:37:00+00:00","article_modified_time":"2023-09-28T15:09:55+00:00","og_image":[{"width":1184,"height":516,"url":"https:\/\/www.ykts.fi\/wp-content\/uploads\/2023\/04\/YKTS2023.png","type":"image\/png"}],"author":"YKTS ADMIN","twitter_card":"summary_large_image","twitter_misc":{"Written by":"YKTS ADMIN","Estimated reading time":"1 minute"},"schema":{"@context":"https:\/\/schema.org","@graph":[{"@type":"Article","@id":"https:\/\/www.ykts.fi\/ykts-yrittajyyskasvatuspaivien-2023-vahvistettu-ohjelma\/#article","isPartOf":{"@id":"https:\/\/www.ykts.fi\/ykts-yrittajyyskasvatuspaivien-2023-vahvistettu-ohjelma\/"},"author":{"name":"YKTS ADMIN","@id":"https:\/\/www.ykts.fi\/#\/schema\/person\/2bcd7dbefce13b96852313f64bbf34a7"},"headline":"YKTS Yritt\u00e4jyyskasvatusp\u00e4ivien 2023 vahvistettu ohjelma","datePublished":"2023-09-15T10:37:00+00:00","dateModified":"2023-09-28T15:09:55+00:00","mainEntityOfPage":{"@id":"https:\/\/www.ykts.fi\/ykts-yrittajyyskasvatuspaivien-2023-vahvistettu-ohjelma\/"},"wordCount":72,"commentCount":0,"publisher":{"@id":"https:\/\/www.ykts.fi\/#organization"},"image":{"@id":"https:\/\/www.ykts.fi\/ykts-yrittajyyskasvatuspaivien-2023-vahvistettu-ohjelma\/#primaryimage"},"thumbnailUrl":"https:\/\/www.ykts.fi\/wp-content\/uploads\/2023\/04\/YKTS2023.png","articleSection":["Finnish","Uutiset"],"inLanguage":"en-GB","potentialAction":[{"@type":"CommentAction","name":"Comment","target":["https:\/\/www.ykts.fi\/ykts-yrittajyyskasvatuspaivien-2023-vahvistettu-ohjelma\/#respond"]}]},{"@type":"WebPage","@id":"https:\/\/www.ykts.fi\/ykts-yrittajyyskasvatuspaivien-2023-vahvistettu-ohjelma\/","url":"https:\/\/www.ykts.fi\/ykts-yrittajyyskasvatuspaivien-2023-vahvistettu-ohjelma\/","name":"YKTS Yritt\u00e4jyyskasvatusp\u00e4ivien 2023 vahvistettu ohjelma | Yritt&auml;jyyskasvatuksen Tutkimusseura ry","isPartOf":{"@id":"https:\/\/www.ykts.fi\/#website"},"primaryImageOfPage":{"@id":"https:\/\/www.ykts.fi\/ykts-yrittajyyskasvatuspaivien-2023-vahvistettu-ohjelma\/#primaryimage"},"image":{"@id":"https:\/\/www.ykts.fi\/ykts-yrittajyyskasvatuspaivien-2023-vahvistettu-ohjelma\/#primaryimage"},"thumbnailUrl":"https:\/\/www.ykts.fi\/wp-content\/uploads\/2023\/04\/YKTS2023.png","datePublished":"2023-09-15T10:37:00+00:00","dateModified":"2023-09-28T15:09:55+00:00","breadcrumb":{"@id":"https:\/\/www.ykts.fi\/ykts-yrittajyyskasvatuspaivien-2023-vahvistettu-ohjelma\/#breadcrumb"},"inLanguage":"en-GB","potentialAction":[{"@type":"ReadAction","target":["https:\/\/www.ykts.fi\/ykts-yrittajyyskasvatuspaivien-2023-vahvistettu-ohjelma\/"]}]},{"@type":"ImageObject","inLanguage":"en-GB","@id":"https:\/\/www.ykts.fi\/ykts-yrittajyyskasvatuspaivien-2023-vahvistettu-ohjelma\/#primaryimage","url":"https:\/\/www.ykts.fi\/wp-content\/uploads\/2023\/04\/YKTS2023.png","contentUrl":"https:\/\/www.ykts.fi\/wp-content\/uploads\/2023\/04\/YKTS2023.png","width":1184,"height":516},{"@type":"BreadcrumbList","@id":"https:\/\/www.ykts.fi\/ykts-yrittajyyskasvatuspaivien-2023-vahvistettu-ohjelma\/#breadcrumb","itemListElement":[{"@type":"ListItem","position":1,"name":"Home","item":"https:\/\/www.ykts.fi\/"},{"@type":"ListItem","position":2,"name":"YKTS Yritt\u00e4jyyskasvatusp\u00e4ivien 2023 vahvistettu ohjelma"}]},{"@type":"WebSite","@id":"https:\/\/www.ykts.fi\/#website","url":"https:\/\/www.ykts.fi\/","name":"Scientific Association for Entrepreneurship Education","description":"Scientific Association for Entrepreneurship Education","publisher":{"@id":"https:\/\/www.ykts.fi\/#organization"},"potentialAction":[{"@type":"SearchAction","target":{"@type":"EntryPoint","urlTemplate":"https:\/\/www.ykts.fi\/?s={search_term_string}"},"query-input":{"@type":"PropertyValueSpecification","valueRequired":true,"valueName":"search_term_string"}}],"inLanguage":"en-GB"},{"@type":"Organization","@id":"https:\/\/www.ykts.fi\/#organization","name":"Scientific Association for Entrepreneurship Education","url":"https:\/\/www.ykts.fi\/","logo":{"@type":"ImageObject","inLanguage":"en-GB","@id":"https:\/\/www.ykts.fi\/#\/schema\/logo\/image\/","url":"https:\/\/www.ykts.fi\/wp-content\/uploads\/2020\/12\/cropped-YKTS_ikoni-musta.png","contentUrl":"https:\/\/www.ykts.fi\/wp-content\/uploads\/2020\/12\/cropped-YKTS_ikoni-musta.png","width":679,"height":443,"caption":"Yritt&auml;jyyskasvatuksen Tutkimusseura ry"},"image":{"@id":"https:\/\/www.ykts.fi\/#\/schema\/logo\/image\/"}},{"@type":"Person","@id":"https:\/\/www.ykts.fi\/#\/schema\/person\/2bcd7dbefce13b96852313f64bbf34a7","name":"YKTS ADMIN","url":"https:\/\/www.ykts.fi\/en\/author\/yktsadmin\/"}]}},"_links":{"self":[{"href":"https:\/\/www.ykts.fi\/en\/wp-json\/wp\/v2\/posts\/2304","targetHints":{"allow":["GET"]}}],"collection":[{"href":"https:\/\/www.ykts.fi\/en\/wp-json\/wp\/v2\/posts"}],"about":[{"href":"https:\/\/www.ykts.fi\/en\/wp-json\/wp\/v2\/types\/post"}],"author":[{"embeddable":true,"href":"https:\/\/www.ykts.fi\/en\/wp-json\/wp\/v2\/users\/7"}],"replies":[{"embeddable":true,"href":"https:\/\/www.ykts.fi\/en\/wp-json\/wp\/v2\/comments?post=2304"}],"version-history":[{"count":1,"href":"https:\/\/www.ykts.fi\/en\/wp-json\/wp\/v2\/posts\/2304\/revisions"}],"predecessor-version":[{"id":2305,"href":"https:\/\/www.ykts.fi\/en\/wp-json\/wp\/v2\/posts\/2304\/revisions\/2305"}],"wp:featuredmedia":[{"embeddable":true,"href":"https:\/\/www.ykts.fi\/en\/wp-json\/wp\/v2\/media\/1850"}],"wp:attachment":[{"href":"https:\/\/www.ykts.fi\/en\/wp-json\/wp\/v2\/media?parent=2304"}],"wp:term":[{"taxonomy":"category","embeddable":true,"href":"https:\/\/www.ykts.fi\/en\/wp-json\/wp\/v2\/categories?post=2304"},{"taxonomy":"post_tag","embeddable":true,"href":"https:\/\/www.ykts.fi\/en\/wp-json\/wp\/v2\/tags?post=2304"}],"curies":[{"name":"wp","href":"https:\/\/api.w.org\/{rel}","templated":true}]}}