{"id":2273,"date":"2023-09-28T17:49:00","date_gmt":"2023-09-28T14:49:00","guid":{"rendered":"https:\/\/www.ykts.fi\/?p=2273"},"modified":"2023-09-29T09:32:48","modified_gmt":"2023-09-29T06:32:48","slug":"yrittajyyskasvatuksen-verkostot-vahvistuvat-suomessa","status":"publish","type":"post","link":"https:\/\/www.ykts.fi\/en\/yrittajyyskasvatuksen-verkostot-vahvistuvat-suomessa\/","title":{"rendered":"Yritt\u00e4jyyskasvatuksen verkostot vahvistuvat Suomessa: Yritt\u00e4jyyskasvatuksen Tutkimusseura ja YES-verkosto strategiseen kumppanuuteen"},"content":{"rendered":"<div data-elementor-type=\"wp-post\" data-elementor-id=\"2273\" class=\"elementor elementor-2273\">\n\t\t\t\t\t\t<section class=\"elementor-section elementor-top-section elementor-element elementor-element-6a29820 elementor-section-boxed elementor-section-height-default elementor-section-height-default\" data-id=\"6a29820\" data-element_type=\"section\">\n\t\t\t\t\t\t<div class=\"elementor-container elementor-column-gap-default\">\n\t\t\t\t\t<div class=\"elementor-column elementor-col-100 elementor-top-column elementor-element elementor-element-a82a613\" data-id=\"a82a613\" data-element_type=\"column\">\n\t\t\t<div class=\"elementor-widget-wrap elementor-element-populated\">\n\t\t\t\t\t\t<div class=\"elementor-element elementor-element-d5c1637 elementor-widget elementor-widget-text-editor\" data-id=\"d5c1637\" data-element_type=\"widget\" data-widget_type=\"text-editor.default\">\n\t\t\t\t<div class=\"elementor-widget-container\">\n\t\t\t\t\t\t\t\t\t<p><strong>Yritt\u00e4jyyskasvatuksen Tutkimusseura ry ja Valtakunnallinen YES ry ovat solmineet strategisen kumppanuuden. Kumppanuussopimus allekirjoitettiin ja julkistettiin vuoden 2023 YKTS Yritt\u00e4jyyskasvatusp\u00e4ivill\u00e4 Turussa 28.9.2023.<\/strong><\/p><p>Yritt\u00e4jyyskasvatuksen Tutkimusseura (YKTS) ja Valtakunnallinen YES (YES-verkosto) ovat kansallisia toimijoita, jotka ovat omilla tahoillaan edist\u00e4neet yritt\u00e4jyyskasvatusta Suomessa jo runsaan vuosikymmenen. YKTS:n toiminnan painopisteen\u00e4 on erityisesti yritt\u00e4jyyskasvatuksen tutkimuksen ja sen k\u00e4yt\u00e4nt\u00f6\u00f6n soveltamisen edist\u00e4minen. YES-verkosto puolestaan on Suomen merkitt\u00e4vin yritt\u00e4jyyskasvatuksen kehitt\u00e4j\u00e4verkosto, joka yhdist\u00e4\u00e4 eri toimijat rakentamaan vaikuttavampaa yritt\u00e4jyyskasvatusta niin kansallisesti kuin alueellisestikin.<\/p><p>Strategisella kumppanuudella haetaan molempien osapuolten toimintaa hy\u00f6dytt\u00e4vi\u00e4 synergiaetuja, mutta ennen kaikkea avaimia entist\u00e4 vaikuttavampaan yritt\u00e4jyyskasvatuksen valtakunnalliseen kehitt\u00e4mis- ja vaikuttamisty\u00f6h\u00f6n.<\/p><p>&#8211; YES-verkosto on meille luonteva ja jo pitk\u00e4aikainen yhteisty\u00f6kumppani. Strateginen kumppanuus syvent\u00e4\u00e4 yhteisty\u00f6t\u00e4mme entisest\u00e4\u00e4n mahdollistaen esimerkiksi yritt\u00e4jyyskasvatuksen tutkimuksen ajankohtaisten tulosten k\u00e4yt\u00e4nt\u00f6\u00f6n viemisen aikaisempaa konkreettisemmalla tavalla. T\u00e4ydenn\u00e4mme toistemme tavoitteita eritt\u00e4in hyvin, kertoo YKTS:n hallituksen puheenjohtaja <strong>Kirsi Peura<\/strong>.<\/p><p>Sopimus strategisesta kumppanuudesta allekirjoitettiin YKTS Yritt\u00e4jyyskasvatusp\u00e4ivill\u00e4 2023, joka kokoaa yhteen yritt\u00e4jyyskasvatuksen tutkijoita, opettajia ja k\u00e4yt\u00e4nn\u00f6n toimijoita ymp\u00e4ri Suomen. Konferenssimuotoinen kahden p\u00e4iv\u00e4n tilaisuus tarjoaa mahdollisuuden esitell\u00e4 uusinta yritt\u00e4jyyskasvatuksen tutkimusta. YKTS on yksi vuosittain j\u00e4rjestett\u00e4v\u00e4n konferenssin osatoteuttajista.<\/p><p>&#8211; YES-verkostolla on vahva alueellinen tuntemus yritt\u00e4jyyskasvatuksesta, ja olen iloinen, ett\u00e4 saamme sen rinnalle yritt\u00e4jyyskasvatuksen tutkimustietoa entist\u00e4 merkitt\u00e4v\u00e4mmin mukaan. Yhteisty\u00f6 YKTS:n kanssa avaa mahdollisuuden hy\u00f6dynt\u00e4\u00e4 my\u00f6s kansainv\u00e4list\u00e4 tutkimusta paremmin. Pyrimme l\u00f6yt\u00e4m\u00e4\u00e4n tutkimuksen tuomasta informaatiosta niit\u00e4 k\u00e4rki\u00e4, joita l\u00e4hdemme verkostoyhteisty\u00f6ss\u00e4 viem\u00e4\u00e4n eteenp\u00e4in, sanoo YES ry:n toiminnanjohtaja <strong>Sanna Lehtonen<\/strong>.<\/p><p>YES-verkosto ja YKTS n\u00e4kev\u00e4t keskeisen\u00e4 yritt\u00e4jyyskasvatuksen edist\u00e4misen parissa toimivien tahojen ja yksil\u00f6iden vuorovaikutuksen mahdollistamisen ja verkottamisen. Yhten\u00e4 keinona t\u00e4h\u00e4n ovat tilaisuudet, tapahtumat ja viestint\u00e4, jonka osalta tullaan jatkossa tekem\u00e4\u00e4n entist\u00e4 tiiviimp\u00e4\u00e4 yhteisty\u00f6t\u00e4.<\/p><p>Yritt\u00e4jyyskasvatuksesta kiinnostuneet kokoontuvat seuraavan kerran yhteen YES-verkoston koordinoimassa Yritt\u00e4jyyden ytimess\u00e4 -seminaarissa 8.-9.11.2023. Seminaarissa esitell\u00e4\u00e4n alueellisia ratkaisuja yritt\u00e4jyyskasvatuksen ja yritt\u00e4j\u00e4m\u00e4isen kulttuurin edist\u00e4miseksi Suomessa.<\/p><p>Lis\u00e4tietoja antavat<\/p><ul><li>Kirsi Peura, puheenjohtaja, Yritt\u00e4jyyskasvatuksen Tutkimusseura ry, <a href=\"mailto:kirsi.peura@utu.fi\">kirsi.peura@utu.fi<\/a>, p. 050 502 7075<\/li><li>Sanna Lehtonen, toiminnanjohtaja, Valtakunnallinen YES ry, <a href=\"mailto:sanna@yesverkosto.fi\">sanna@yesverkosto.fi<\/a>, p. 045 357 2716<\/li><\/ul><p><strong><em>Scientific Association for Entrepreneurship Education<\/em><\/strong><\/p><p><em>Yritt\u00e4jyyskasvatuksen Tutkimusseura ry on tieteellinen yhdistys, joka tukee yritt\u00e4jyyskasvatuksen tutkimusta sek\u00e4 yritt\u00e4jyyskasvatuksen kansallista ja kansainv\u00e4list\u00e4 yhteisty\u00f6t\u00e4. Tutkimusseura toimii yritt\u00e4jyyskasvatuksen tutkimusta tekevien ja tutkimuksesta kiinnostuneiden toimijoiden ja organisaatioiden verkostona. Tutkimusseura j\u00e4rjest\u00e4\u00e4 vuosittain YKTS Yritt\u00e4jyyskasvatusp\u00e4iv\u00e4t ja tutkimusseminaarin yhdess\u00e4 vaihtuvan korkeakoulun kanssa sek\u00e4 edist\u00e4\u00e4 ja harjoittaa alan julkaisutoimintaa. Tutkimusseura tukee my\u00f6s kansallista p\u00e4\u00e4t\u00f6ksentekoa. Lis\u00e4tietoja: <\/em><a href=\"https:\/\/www.ykts.fi\/en\/\"><em>https:\/\/www.ykts.fi\/<\/em><\/a><\/p><p><strong><em>YES \u2013 yritt\u00e4jyyskasvatuksen suunnann\u00e4ytt\u00e4j\u00e4<\/em><\/strong><\/p><p><em>YES on Suomen merkitt\u00e4vin yritt\u00e4jyyskasvatuksen kehitt\u00e4j\u00e4verkosto. YES-verkosto <\/em><em>yhdist\u00e4\u00e4 eri toimijat rakentamaan vaikuttavampaa yritt\u00e4jyyskasvatusta. YES tarjoaa tukea ja mahdollisuuksia osaamisen kehitt\u00e4miseen kunnille, oppilaitoksille ja muille yritt\u00e4jyyskasvatustoimijoille. YES-verkoston tavoitteena on, ett\u00e4 jokainen Suomen kunta on yritt\u00e4jyyskasvatuskunta. Se tarkoittaa muun muassa, ett\u00e4 yritt\u00e4jyyskasvatus ymm\u00e4rret\u00e4\u00e4n osaksi kunnan eri kehitt\u00e4mistoimenpiteit\u00e4 ja ett\u00e4 kunnan eri toimijat tekev\u00e4t yhteisty\u00f6t\u00e4 yritt\u00e4jyyskasvatuksen edist\u00e4miseksi. YES-verkoston toimintaa koordinoi Valtakunnallinen YES ry, jonka j\u00e4senyys on avoin kaikille yritt\u00e4jyyskasvatuksesta kiinnostuneille henkil\u00f6ille ja yhteis\u00f6ille. <\/em><a href=\"http:\/\/yesverkosto.fi\/\"><em>http:\/\/yesverkosto.fi<\/em><\/a><\/p>\t\t\t\t\t\t\t\t<\/div>\n\t\t\t\t<\/div>\n\t\t\t\t\t<\/div>\n\t\t<\/div>\n\t\t\t\t\t<\/div>\n\t\t<\/section>\n\t\t\t\t<section class=\"elementor-section elementor-top-section elementor-element elementor-element-4ac7c99 elementor-section-boxed elementor-section-height-default elementor-section-height-default\" data-id=\"4ac7c99\" data-element_type=\"section\">\n\t\t\t\t\t\t<div class=\"elementor-container elementor-column-gap-default\">\n\t\t\t\t\t<div class=\"elementor-column elementor-col-100 elementor-top-column elementor-element elementor-element-8e79c6a\" data-id=\"8e79c6a\" data-element_type=\"column\">\n\t\t\t<div class=\"elementor-widget-wrap elementor-element-populated\">\n\t\t\t\t\t\t<div class=\"elementor-element elementor-element-36ab480 elementor-widget elementor-widget-image\" data-id=\"36ab480\" data-element_type=\"widget\" data-widget_type=\"image.default\">\n\t\t\t\t<div class=\"elementor-widget-container\">\n\t\t\t\t\t\t\t\t\t\t\t\t\t\t\t<img fetchpriority=\"high\" decoding=\"async\" width=\"784\" height=\"1024\" src=\"https:\/\/www.ykts.fi\/wp-content\/uploads\/2023\/09\/YES_YKTS_kumppanuus_pysty_netti1-784x1024.jpg\" class=\"attachment-large size-large wp-image-2282\" alt=\"\" srcset=\"https:\/\/www.ykts.fi\/wp-content\/uploads\/2023\/09\/YES_YKTS_kumppanuus_pysty_netti1-784x1024.jpg 784w, https:\/\/www.ykts.fi\/wp-content\/uploads\/2023\/09\/YES_YKTS_kumppanuus_pysty_netti1-230x300.jpg 230w, https:\/\/www.ykts.fi\/wp-content\/uploads\/2023\/09\/YES_YKTS_kumppanuus_pysty_netti1-768x1003.jpg 768w, https:\/\/www.ykts.fi\/wp-content\/uploads\/2023\/09\/YES_YKTS_kumppanuus_pysty_netti1-1176x1536.jpg 1176w, https:\/\/www.ykts.fi\/wp-content\/uploads\/2023\/09\/YES_YKTS_kumppanuus_pysty_netti1-9x12.jpg 9w, https:\/\/www.ykts.fi\/wp-content\/uploads\/2023\/09\/YES_YKTS_kumppanuus_pysty_netti1.jpg 1353w\" sizes=\"(max-width: 784px) 100vw, 784px\" \/>\t\t\t\t\t\t\t\t\t\t\t\t\t\t\t<\/div>\n\t\t\t\t<\/div>\n\t\t\t\t\t<\/div>\n\t\t<\/div>\n\t\t\t\t\t<\/div>\n\t\t<\/section>\n\t\t\t\t<section class=\"elementor-section elementor-top-section elementor-element elementor-element-9f30820 elementor-section-boxed elementor-section-height-default elementor-section-height-default\" data-id=\"9f30820\" data-element_type=\"section\">\n\t\t\t\t\t\t<div class=\"elementor-container elementor-column-gap-default\">\n\t\t\t\t\t<div class=\"elementor-column elementor-col-100 elementor-top-column elementor-element elementor-element-1adbcb4\" data-id=\"1adbcb4\" data-element_type=\"column\">\n\t\t\t<div class=\"elementor-widget-wrap elementor-element-populated\">\n\t\t\t\t\t\t<div class=\"elementor-element elementor-element-b825bce elementor-widget elementor-widget-text-editor\" data-id=\"b825bce\" data-element_type=\"widget\" data-widget_type=\"text-editor.default\">\n\t\t\t\t<div class=\"elementor-widget-container\">\n\t\t\t\t\t\t\t\t\t<p>Kuvassa vasemmalla YES-verkostojen toiminnanjohtaja Sanna Lehtonen, oikealla YKTS:n hallituksen puheenjohtaja Kirsi Peura. (Kuva: YES-verkosto)<\/p>\t\t\t\t\t\t\t\t<\/div>\n\t\t\t\t<\/div>\n\t\t\t\t\t<\/div>\n\t\t<\/div>\n\t\t\t\t\t<\/div>\n\t\t<\/section>\n\t\t\t\t<\/div>","protected":false},"excerpt":{"rendered":"<p>Yritt\u00e4jyyskasvatuksen Tutkimusseura ry ja Valtakunnallinen YES ry ovat solmineet strategisen kumppanuuden. Kumppanuussopimus allekirjoitettiin ja julkistettiin vuoden 2023 YKTS Yritt\u00e4jyyskasvatusp\u00e4ivill\u00e4 Turussa 28.9.2023. Yritt\u00e4jyyskasvatuksen Tutkimusseura (YKTS) ja Valtakunnallinen YES (YES-verkosto) ovat kansallisia toimijoita, jotka ovat omilla tahoillaan edist\u00e4neet yritt\u00e4jyyskasvatusta Suomessa jo runsaan vuosikymmenen. YKTS:n toiminnan painopisteen\u00e4 on erityisesti yritt\u00e4jyyskasvatuksen tutkimuksen ja sen k\u00e4yt\u00e4nt\u00f6\u00f6n soveltamisen edist\u00e4minen. YES-verkosto puolestaan &hellip;<\/p>\n<p class=\"read-more\"> <a class=\"\" href=\"https:\/\/www.ykts.fi\/en\/yrittajyyskasvatuksen-verkostot-vahvistuvat-suomessa\/\"> <span class=\"screen-reader-text\">Yritt\u00e4jyyskasvatuksen verkostot vahvistuvat Suomessa: Yritt\u00e4jyyskasvatuksen Tutkimusseura ja YES-verkosto strategiseen kumppanuuteen<\/span> Read More &raquo;<\/a><\/p>","protected":false},"author":7,"featured_media":0,"comment_status":"open","ping_status":"open","sticky":false,"template":"","format":"standard","meta":{"site-sidebar-layout":"default","site-content-layout":"default","ast-global-header-display":"","ast-main-header-display":"","ast-hfb-above-header-display":"","ast-hfb-below-header-display":"","ast-hfb-mobile-header-display":"","site-post-title":"","ast-breadcrumbs-content":"","ast-featured-img":"","footer-sml-layout":"","theme-transparent-header-meta":"","adv-header-id-meta":"","stick-header-meta":"","header-above-stick-meta":"","header-main-stick-meta":"","header-below-stick-meta":"","footnotes":""},"categories":[7,13],"tags":[],"class_list":["post-2273","post","type-post","status-publish","format-standard","hentry","category-finnish","category-uutiset"],"yoast_head":"<!-- This site is optimized with the Yoast SEO plugin v26.8 - https:\/\/yoast.com\/product\/yoast-seo-wordpress\/ -->\n<title>Yritt\u00e4jyyskasvatuksen verkostot vahvistuvat Suomessa: Yritt\u00e4jyyskasvatuksen Tutkimusseura ja YES-verkosto strategiseen kumppanuuteen | Yritt&auml;jyyskasvatuksen Tutkimusseura ry<\/title>\n<meta name=\"robots\" content=\"index, follow, max-snippet:-1, max-image-preview:large, max-video-preview:-1\" \/>\n<link rel=\"canonical\" href=\"https:\/\/www.ykts.fi\/en\/yrittajyyskasvatuksen-verkostot-vahvistuvat-suomessa\/\" \/>\n<meta property=\"og:locale\" content=\"en_GB\" \/>\n<meta property=\"og:type\" content=\"article\" \/>\n<meta property=\"og:title\" content=\"Yritt\u00e4jyyskasvatuksen verkostot vahvistuvat Suomessa: Yritt\u00e4jyyskasvatuksen Tutkimusseura ja YES-verkosto strategiseen kumppanuuteen | Yritt&auml;jyyskasvatuksen Tutkimusseura ry\" \/>\n<meta property=\"og:description\" content=\"Yritt\u00e4jyyskasvatuksen Tutkimusseura ry ja Valtakunnallinen YES ry ovat solmineet strategisen kumppanuuden. Kumppanuussopimus allekirjoitettiin ja julkistettiin vuoden 2023 YKTS Yritt\u00e4jyyskasvatusp\u00e4ivill\u00e4 Turussa 28.9.2023. Yritt\u00e4jyyskasvatuksen Tutkimusseura (YKTS) ja Valtakunnallinen YES (YES-verkosto) ovat kansallisia toimijoita, jotka ovat omilla tahoillaan edist\u00e4neet yritt\u00e4jyyskasvatusta Suomessa jo runsaan vuosikymmenen. YKTS:n toiminnan painopisteen\u00e4 on erityisesti yritt\u00e4jyyskasvatuksen tutkimuksen ja sen k\u00e4yt\u00e4nt\u00f6\u00f6n soveltamisen edist\u00e4minen. YES-verkosto puolestaan &hellip; Yritt\u00e4jyyskasvatuksen verkostot vahvistuvat Suomessa: Yritt\u00e4jyyskasvatuksen Tutkimusseura ja YES-verkosto strategiseen kumppanuuteen Read More &raquo;\" \/>\n<meta property=\"og:url\" content=\"https:\/\/www.ykts.fi\/en\/yrittajyyskasvatuksen-verkostot-vahvistuvat-suomessa\/\" \/>\n<meta property=\"og:site_name\" content=\"Yritt&auml;jyyskasvatuksen Tutkimusseura ry\" \/>\n<meta property=\"article:published_time\" content=\"2023-09-28T14:49:00+00:00\" \/>\n<meta property=\"article:modified_time\" content=\"2023-09-29T06:32:48+00:00\" \/>\n<meta property=\"og:image\" content=\"https:\/\/www.ykts.fi\/wp-content\/uploads\/2023\/09\/YES_YKTS_kumppanuus_pysty_netti1-784x1024.jpg\" \/>\n<meta name=\"author\" content=\"YKTS ADMIN\" \/>\n<meta name=\"twitter:card\" content=\"summary_large_image\" \/>\n<meta name=\"twitter:label1\" content=\"Written by\" \/>\n\t<meta name=\"twitter:data1\" content=\"YKTS ADMIN\" \/>\n\t<meta name=\"twitter:label2\" content=\"Estimated reading time\" \/>\n\t<meta name=\"twitter:data2\" content=\"3 minutes\" \/>\n<script type=\"application\/ld+json\" class=\"yoast-schema-graph\">{\"@context\":\"https:\/\/schema.org\",\"@graph\":[{\"@type\":\"Article\",\"@id\":\"https:\/\/www.ykts.fi\/yrittajyyskasvatuksen-verkostot-vahvistuvat-suomessa\/#article\",\"isPartOf\":{\"@id\":\"https:\/\/www.ykts.fi\/yrittajyyskasvatuksen-verkostot-vahvistuvat-suomessa\/\"},\"author\":{\"name\":\"YKTS ADMIN\",\"@id\":\"https:\/\/www.ykts.fi\/#\/schema\/person\/2bcd7dbefce13b96852313f64bbf34a7\"},\"headline\":\"Yritt\u00e4jyyskasvatuksen verkostot vahvistuvat Suomessa: Yritt\u00e4jyyskasvatuksen Tutkimusseura ja YES-verkosto strategiseen kumppanuuteen\",\"datePublished\":\"2023-09-28T14:49:00+00:00\",\"dateModified\":\"2023-09-29T06:32:48+00:00\",\"mainEntityOfPage\":{\"@id\":\"https:\/\/www.ykts.fi\/yrittajyyskasvatuksen-verkostot-vahvistuvat-suomessa\/\"},\"wordCount\":566,\"commentCount\":0,\"publisher\":{\"@id\":\"https:\/\/www.ykts.fi\/#organization\"},\"image\":{\"@id\":\"https:\/\/www.ykts.fi\/yrittajyyskasvatuksen-verkostot-vahvistuvat-suomessa\/#primaryimage\"},\"thumbnailUrl\":\"https:\/\/www.ykts.fi\/wp-content\/uploads\/2023\/09\/YES_YKTS_kumppanuus_pysty_netti1-784x1024.jpg\",\"articleSection\":[\"Finnish\",\"Uutiset\"],\"inLanguage\":\"en-GB\",\"potentialAction\":[{\"@type\":\"CommentAction\",\"name\":\"Comment\",\"target\":[\"https:\/\/www.ykts.fi\/yrittajyyskasvatuksen-verkostot-vahvistuvat-suomessa\/#respond\"]}]},{\"@type\":\"WebPage\",\"@id\":\"https:\/\/www.ykts.fi\/yrittajyyskasvatuksen-verkostot-vahvistuvat-suomessa\/\",\"url\":\"https:\/\/www.ykts.fi\/yrittajyyskasvatuksen-verkostot-vahvistuvat-suomessa\/\",\"name\":\"Yritt\u00e4jyyskasvatuksen verkostot vahvistuvat Suomessa: Yritt\u00e4jyyskasvatuksen Tutkimusseura ja YES-verkosto strategiseen kumppanuuteen | Yritt&auml;jyyskasvatuksen Tutkimusseura ry\",\"isPartOf\":{\"@id\":\"https:\/\/www.ykts.fi\/#website\"},\"primaryImageOfPage\":{\"@id\":\"https:\/\/www.ykts.fi\/yrittajyyskasvatuksen-verkostot-vahvistuvat-suomessa\/#primaryimage\"},\"image\":{\"@id\":\"https:\/\/www.ykts.fi\/yrittajyyskasvatuksen-verkostot-vahvistuvat-suomessa\/#primaryimage\"},\"thumbnailUrl\":\"https:\/\/www.ykts.fi\/wp-content\/uploads\/2023\/09\/YES_YKTS_kumppanuus_pysty_netti1-784x1024.jpg\",\"datePublished\":\"2023-09-28T14:49:00+00:00\",\"dateModified\":\"2023-09-29T06:32:48+00:00\",\"breadcrumb\":{\"@id\":\"https:\/\/www.ykts.fi\/yrittajyyskasvatuksen-verkostot-vahvistuvat-suomessa\/#breadcrumb\"},\"inLanguage\":\"en-GB\",\"potentialAction\":[{\"@type\":\"ReadAction\",\"target\":[\"https:\/\/www.ykts.fi\/yrittajyyskasvatuksen-verkostot-vahvistuvat-suomessa\/\"]}]},{\"@type\":\"ImageObject\",\"inLanguage\":\"en-GB\",\"@id\":\"https:\/\/www.ykts.fi\/yrittajyyskasvatuksen-verkostot-vahvistuvat-suomessa\/#primaryimage\",\"url\":\"https:\/\/www.ykts.fi\/wp-content\/uploads\/2023\/09\/YES_YKTS_kumppanuus_pysty_netti1-784x1024.jpg\",\"contentUrl\":\"https:\/\/www.ykts.fi\/wp-content\/uploads\/2023\/09\/YES_YKTS_kumppanuus_pysty_netti1-784x1024.jpg\"},{\"@type\":\"BreadcrumbList\",\"@id\":\"https:\/\/www.ykts.fi\/yrittajyyskasvatuksen-verkostot-vahvistuvat-suomessa\/#breadcrumb\",\"itemListElement\":[{\"@type\":\"ListItem\",\"position\":1,\"name\":\"Home\",\"item\":\"https:\/\/www.ykts.fi\/\"},{\"@type\":\"ListItem\",\"position\":2,\"name\":\"Yritt\u00e4jyyskasvatuksen verkostot vahvistuvat Suomessa: Yritt\u00e4jyyskasvatuksen Tutkimusseura ja YES-verkosto strategiseen kumppanuuteen\"}]},{\"@type\":\"WebSite\",\"@id\":\"https:\/\/www.ykts.fi\/#website\",\"url\":\"https:\/\/www.ykts.fi\/\",\"name\":\"Yritt&auml;jyyskasvatuksen Tutkimusseura ry\",\"description\":\"Yritt&auml;jyyskasvatuksen Tutkimusseura ry\",\"publisher\":{\"@id\":\"https:\/\/www.ykts.fi\/#organization\"},\"potentialAction\":[{\"@type\":\"SearchAction\",\"target\":{\"@type\":\"EntryPoint\",\"urlTemplate\":\"https:\/\/www.ykts.fi\/?s={search_term_string}\"},\"query-input\":{\"@type\":\"PropertyValueSpecification\",\"valueRequired\":true,\"valueName\":\"search_term_string\"}}],\"inLanguage\":\"en-GB\"},{\"@type\":\"Organization\",\"@id\":\"https:\/\/www.ykts.fi\/#organization\",\"name\":\"Yritt&auml;jyyskasvatuksen Tutkimusseura ry\",\"url\":\"https:\/\/www.ykts.fi\/\",\"logo\":{\"@type\":\"ImageObject\",\"inLanguage\":\"en-GB\",\"@id\":\"https:\/\/www.ykts.fi\/#\/schema\/logo\/image\/\",\"url\":\"https:\/\/www.ykts.fi\/wp-content\/uploads\/2020\/12\/cropped-YKTS_ikoni-musta.png\",\"contentUrl\":\"https:\/\/www.ykts.fi\/wp-content\/uploads\/2020\/12\/cropped-YKTS_ikoni-musta.png\",\"width\":679,\"height\":443,\"caption\":\"Yritt&auml;jyyskasvatuksen Tutkimusseura ry\"},\"image\":{\"@id\":\"https:\/\/www.ykts.fi\/#\/schema\/logo\/image\/\"}},{\"@type\":\"Person\",\"@id\":\"https:\/\/www.ykts.fi\/#\/schema\/person\/2bcd7dbefce13b96852313f64bbf34a7\",\"name\":\"YKTS ADMIN\",\"url\":\"https:\/\/www.ykts.fi\/en\/author\/yktsadmin\/\"}]}<\/script>\n<!-- \/ Yoast SEO plugin. -->","yoast_head_json":{"title":"Yritt\u00e4jyyskasvatuksen verkostot vahvistuvat Suomessa: Yritt\u00e4jyyskasvatuksen Tutkimusseura ja YES-verkosto strategiseen kumppanuuteen | Yritt&auml;jyyskasvatuksen Tutkimusseura ry","robots":{"index":"index","follow":"follow","max-snippet":"max-snippet:-1","max-image-preview":"max-image-preview:large","max-video-preview":"max-video-preview:-1"},"canonical":"https:\/\/www.ykts.fi\/en\/yrittajyyskasvatuksen-verkostot-vahvistuvat-suomessa\/","og_locale":"en_GB","og_type":"article","og_title":"Yritt\u00e4jyyskasvatuksen verkostot vahvistuvat Suomessa: Yritt\u00e4jyyskasvatuksen Tutkimusseura ja YES-verkosto strategiseen kumppanuuteen | Yritt&auml;jyyskasvatuksen Tutkimusseura ry","og_description":"Yritt\u00e4jyyskasvatuksen Tutkimusseura ry ja Valtakunnallinen YES ry ovat solmineet strategisen kumppanuuden. Kumppanuussopimus allekirjoitettiin ja julkistettiin vuoden 2023 YKTS Yritt\u00e4jyyskasvatusp\u00e4ivill\u00e4 Turussa 28.9.2023. Yritt\u00e4jyyskasvatuksen Tutkimusseura (YKTS) ja Valtakunnallinen YES (YES-verkosto) ovat kansallisia toimijoita, jotka ovat omilla tahoillaan edist\u00e4neet yritt\u00e4jyyskasvatusta Suomessa jo runsaan vuosikymmenen. YKTS:n toiminnan painopisteen\u00e4 on erityisesti yritt\u00e4jyyskasvatuksen tutkimuksen ja sen k\u00e4yt\u00e4nt\u00f6\u00f6n soveltamisen edist\u00e4minen. YES-verkosto puolestaan &hellip; Yritt\u00e4jyyskasvatuksen verkostot vahvistuvat Suomessa: Yritt\u00e4jyyskasvatuksen Tutkimusseura ja YES-verkosto strategiseen kumppanuuteen Read More &raquo;","og_url":"https:\/\/www.ykts.fi\/en\/yrittajyyskasvatuksen-verkostot-vahvistuvat-suomessa\/","og_site_name":"Yritt&auml;jyyskasvatuksen Tutkimusseura ry","article_published_time":"2023-09-28T14:49:00+00:00","article_modified_time":"2023-09-29T06:32:48+00:00","og_image":[{"url":"https:\/\/www.ykts.fi\/wp-content\/uploads\/2023\/09\/YES_YKTS_kumppanuus_pysty_netti1-784x1024.jpg","type":"","width":"","height":""}],"author":"YKTS ADMIN","twitter_card":"summary_large_image","twitter_misc":{"Written by":"YKTS ADMIN","Estimated reading time":"3 minutes"},"schema":{"@context":"https:\/\/schema.org","@graph":[{"@type":"Article","@id":"https:\/\/www.ykts.fi\/yrittajyyskasvatuksen-verkostot-vahvistuvat-suomessa\/#article","isPartOf":{"@id":"https:\/\/www.ykts.fi\/yrittajyyskasvatuksen-verkostot-vahvistuvat-suomessa\/"},"author":{"name":"YKTS ADMIN","@id":"https:\/\/www.ykts.fi\/#\/schema\/person\/2bcd7dbefce13b96852313f64bbf34a7"},"headline":"Yritt\u00e4jyyskasvatuksen verkostot vahvistuvat Suomessa: Yritt\u00e4jyyskasvatuksen Tutkimusseura ja YES-verkosto strategiseen kumppanuuteen","datePublished":"2023-09-28T14:49:00+00:00","dateModified":"2023-09-29T06:32:48+00:00","mainEntityOfPage":{"@id":"https:\/\/www.ykts.fi\/yrittajyyskasvatuksen-verkostot-vahvistuvat-suomessa\/"},"wordCount":566,"commentCount":0,"publisher":{"@id":"https:\/\/www.ykts.fi\/#organization"},"image":{"@id":"https:\/\/www.ykts.fi\/yrittajyyskasvatuksen-verkostot-vahvistuvat-suomessa\/#primaryimage"},"thumbnailUrl":"https:\/\/www.ykts.fi\/wp-content\/uploads\/2023\/09\/YES_YKTS_kumppanuus_pysty_netti1-784x1024.jpg","articleSection":["Finnish","Uutiset"],"inLanguage":"en-GB","potentialAction":[{"@type":"CommentAction","name":"Comment","target":["https:\/\/www.ykts.fi\/yrittajyyskasvatuksen-verkostot-vahvistuvat-suomessa\/#respond"]}]},{"@type":"WebPage","@id":"https:\/\/www.ykts.fi\/yrittajyyskasvatuksen-verkostot-vahvistuvat-suomessa\/","url":"https:\/\/www.ykts.fi\/yrittajyyskasvatuksen-verkostot-vahvistuvat-suomessa\/","name":"Yritt\u00e4jyyskasvatuksen verkostot vahvistuvat Suomessa: Yritt\u00e4jyyskasvatuksen Tutkimusseura ja YES-verkosto strategiseen kumppanuuteen | Yritt&auml;jyyskasvatuksen Tutkimusseura ry","isPartOf":{"@id":"https:\/\/www.ykts.fi\/#website"},"primaryImageOfPage":{"@id":"https:\/\/www.ykts.fi\/yrittajyyskasvatuksen-verkostot-vahvistuvat-suomessa\/#primaryimage"},"image":{"@id":"https:\/\/www.ykts.fi\/yrittajyyskasvatuksen-verkostot-vahvistuvat-suomessa\/#primaryimage"},"thumbnailUrl":"https:\/\/www.ykts.fi\/wp-content\/uploads\/2023\/09\/YES_YKTS_kumppanuus_pysty_netti1-784x1024.jpg","datePublished":"2023-09-28T14:49:00+00:00","dateModified":"2023-09-29T06:32:48+00:00","breadcrumb":{"@id":"https:\/\/www.ykts.fi\/yrittajyyskasvatuksen-verkostot-vahvistuvat-suomessa\/#breadcrumb"},"inLanguage":"en-GB","potentialAction":[{"@type":"ReadAction","target":["https:\/\/www.ykts.fi\/yrittajyyskasvatuksen-verkostot-vahvistuvat-suomessa\/"]}]},{"@type":"ImageObject","inLanguage":"en-GB","@id":"https:\/\/www.ykts.fi\/yrittajyyskasvatuksen-verkostot-vahvistuvat-suomessa\/#primaryimage","url":"https:\/\/www.ykts.fi\/wp-content\/uploads\/2023\/09\/YES_YKTS_kumppanuus_pysty_netti1-784x1024.jpg","contentUrl":"https:\/\/www.ykts.fi\/wp-content\/uploads\/2023\/09\/YES_YKTS_kumppanuus_pysty_netti1-784x1024.jpg"},{"@type":"BreadcrumbList","@id":"https:\/\/www.ykts.fi\/yrittajyyskasvatuksen-verkostot-vahvistuvat-suomessa\/#breadcrumb","itemListElement":[{"@type":"ListItem","position":1,"name":"Home","item":"https:\/\/www.ykts.fi\/"},{"@type":"ListItem","position":2,"name":"Yritt\u00e4jyyskasvatuksen verkostot vahvistuvat Suomessa: Yritt\u00e4jyyskasvatuksen Tutkimusseura ja YES-verkosto strategiseen kumppanuuteen"}]},{"@type":"WebSite","@id":"https:\/\/www.ykts.fi\/#website","url":"https:\/\/www.ykts.fi\/","name":"Scientific Association for Entrepreneurship Education","description":"Scientific Association for Entrepreneurship Education","publisher":{"@id":"https:\/\/www.ykts.fi\/#organization"},"potentialAction":[{"@type":"SearchAction","target":{"@type":"EntryPoint","urlTemplate":"https:\/\/www.ykts.fi\/?s={search_term_string}"},"query-input":{"@type":"PropertyValueSpecification","valueRequired":true,"valueName":"search_term_string"}}],"inLanguage":"en-GB"},{"@type":"Organization","@id":"https:\/\/www.ykts.fi\/#organization","name":"Scientific Association for Entrepreneurship Education","url":"https:\/\/www.ykts.fi\/","logo":{"@type":"ImageObject","inLanguage":"en-GB","@id":"https:\/\/www.ykts.fi\/#\/schema\/logo\/image\/","url":"https:\/\/www.ykts.fi\/wp-content\/uploads\/2020\/12\/cropped-YKTS_ikoni-musta.png","contentUrl":"https:\/\/www.ykts.fi\/wp-content\/uploads\/2020\/12\/cropped-YKTS_ikoni-musta.png","width":679,"height":443,"caption":"Yritt&auml;jyyskasvatuksen Tutkimusseura ry"},"image":{"@id":"https:\/\/www.ykts.fi\/#\/schema\/logo\/image\/"}},{"@type":"Person","@id":"https:\/\/www.ykts.fi\/#\/schema\/person\/2bcd7dbefce13b96852313f64bbf34a7","name":"YKTS ADMIN","url":"https:\/\/www.ykts.fi\/en\/author\/yktsadmin\/"}]}},"_links":{"self":[{"href":"https:\/\/www.ykts.fi\/en\/wp-json\/wp\/v2\/posts\/2273","targetHints":{"allow":["GET"]}}],"collection":[{"href":"https:\/\/www.ykts.fi\/en\/wp-json\/wp\/v2\/posts"}],"about":[{"href":"https:\/\/www.ykts.fi\/en\/wp-json\/wp\/v2\/types\/post"}],"author":[{"embeddable":true,"href":"https:\/\/www.ykts.fi\/en\/wp-json\/wp\/v2\/users\/7"}],"replies":[{"embeddable":true,"href":"https:\/\/www.ykts.fi\/en\/wp-json\/wp\/v2\/comments?post=2273"}],"version-history":[{"count":28,"href":"https:\/\/www.ykts.fi\/en\/wp-json\/wp\/v2\/posts\/2273\/revisions"}],"predecessor-version":[{"id":2328,"href":"https:\/\/www.ykts.fi\/en\/wp-json\/wp\/v2\/posts\/2273\/revisions\/2328"}],"wp:attachment":[{"href":"https:\/\/www.ykts.fi\/en\/wp-json\/wp\/v2\/media?parent=2273"}],"wp:term":[{"taxonomy":"category","embeddable":true,"href":"https:\/\/www.ykts.fi\/en\/wp-json\/wp\/v2\/categories?post=2273"},{"taxonomy":"post_tag","embeddable":true,"href":"https:\/\/www.ykts.fi\/en\/wp-json\/wp\/v2\/tags?post=2273"}],"curies":[{"name":"wp","href":"https:\/\/api.w.org\/{rel}","templated":true}]}}