{"id":1923,"date":"2022-09-28T14:21:18","date_gmt":"2022-09-28T11:21:18","guid":{"rendered":"https:\/\/www.ykts.fi\/?p=1923"},"modified":"2023-09-11T13:19:04","modified_gmt":"2023-09-11T10:19:04","slug":"paula-kyrolle-suomen-valkoisen-ruusun-i-luokan-mitali","status":"publish","type":"post","link":"https:\/\/www.ykts.fi\/en\/paula-kyrolle-suomen-valkoisen-ruusun-i-luokan-mitali\/","title":{"rendered":"Paula Kyr\u00f6lle Suomen Valkoisen Ruusun I luokan mitali"},"content":{"rendered":"<p>The President of the Republic, Grand Master of the Order of the White Rose of Finland and the Order of the Lion has decided on December 6, 2021 to award meritorious Finnish citizens. It has been decided to award the Finnish White Rose I class medal to docent Paula Kyr\u00f6. The medal was handed over at YKTS2022 in Ylivieska.<\/p>\n\n\n\n<p>The medal of the Order of the White Rose of Finland is awarded to a citizen who has served the country with merit in recognition of notable civil and military merits. The primary starting point is the person's personal merits, which must be above the average level, and which the person concerned has demonstrated through his or her own professional skills or notable social tasks. A good reputation is also a prerequisite.<\/p>\n\n\n\n<p>Docent Paula Kyr\u00f6 is a pioneer in the research promotion of entrepreneurship education research and the development of entrepreneurship education in Finland. Kyr\u00f6 has a dissertation in both education and business economics, creating the basis for Kyr\u00f6's extensive career as a developer of entrepreneurship education research in the middle ground between entrepreneurship and education. As evidence of this, Kyr\u00f6 was appointed as a professor of entrepreneurship education at the University of Tampere and the Helsinki School of Economics, which later became known as Aalto University. Kyr\u00f6 worked as a visiting professor at J\u00f6nk\u00f6ping University of Economics and Business in Sweden.<\/p>\n\n\n\n<p>Kyr\u00f6's achievements also include assembling a network of entrepreneurship education researchers and actors for the Entrepreneurship Education Days since 2007, and founding the Research Society for Entrepreneurship Education. She was the first chairman of the Research Society in 2009-2013. Kyr\u00f6 was founding the Yritt\u00e4jyykasvatuksen Aikakauskirja Journal, acting as editor-in-chief of the first issue in 2014. Kyr\u00f6 is an honorary member of the Research Society.<\/p>\n\n\n\n<p>Kyr\u00f6's operations are recognized internationally. In 2014, Kyr\u00f6 was named the third recipient of the European Entrepreneurship Education Award, the first Finn. Kyr\u00f6 has led numerous entrepreneurship education research and development projects and supervised dozens of graduate students. He has also acted as an opponent and pre-examiner in almost 20 doctoral theses.<\/p>\n\n\n\n<p>Kyr\u00f6ll\u00e4 on runsaasti kokemusta tieteellisten kirjojen toimittamisesta ja h\u00e4n on laatinut runsaasti omia tutkimusjulkaisuja niin kotimaisilla kuin kansainv\u00e4lisill\u00e4 foorumeillakin. Tieteellisten teht\u00e4vien lis\u00e4ksi Kyr\u00f6ll\u00e4 on ollut lukuisia luottamusteht\u00e4vi\u00e4 koulutuksen kehitt\u00e4misverkostoissa ja projekteissa. Kyr\u00f6 sai Uudenmaan Yritt\u00e4jien kunnianosoituksen vuonna 2010. Kyr\u00f6 on el\u00e4k\u00f6itymisest\u00e4\u00e4n huolimatta edelleen aktiivinen yritt\u00e4jyyskasvatuksen kehitt\u00e4j\u00e4 Suomessa<\/p>","protected":false},"excerpt":{"rendered":"<p>Tasavallan Presidentti, Suomen Valkoisen Ruusun ja Suomen Leijonan ritarikuntien suurmestari on p\u00e4\u00e4tt\u00e4nyt 6.12.2021 antaa ansioituneille Suomen kansalaisille kunniamerkit. Suomen Valkoisen Ruusun I luokan mitali on p\u00e4\u00e4tetty luovuttaa dosentti Paula Kyr\u00f6lle. Mitali luovutettiin YKTS2022 p\u00e4ivill\u00e4 Ylivieskassa. Suomen Valkoisen Ruusun ritarikuntien kunniamerkki annetaan is\u00e4nmaan palveluksessa ansioituneelle kansalaiselle tunnustukseksi huomattavista siviili- ja sotilasansioista. Ensisijaisena l\u00e4ht\u00f6kohtana on henkil\u00f6n henkil\u00f6kohtaiset &hellip;<\/p>\n<p class=\"read-more\"> <a class=\"\" href=\"https:\/\/www.ykts.fi\/en\/paula-kyrolle-suomen-valkoisen-ruusun-i-luokan-mitali\/\"> <span class=\"screen-reader-text\">Paula Kyr\u00f6lle Suomen Valkoisen Ruusun I luokan mitali<\/span> Read More &raquo;<\/a><\/p>","protected":false},"author":7,"featured_media":1712,"comment_status":"open","ping_status":"open","sticky":false,"template":"","format":"standard","meta":{"site-sidebar-layout":"default","site-content-layout":"default","ast-global-header-display":"","ast-main-header-display":"","ast-hfb-above-header-display":"","ast-hfb-below-header-display":"","ast-hfb-mobile-header-display":"","site-post-title":"","ast-breadcrumbs-content":"","ast-featured-img":"","footer-sml-layout":"","theme-transparent-header-meta":"default","adv-header-id-meta":"","stick-header-meta":"","header-above-stick-meta":"","header-main-stick-meta":"","header-below-stick-meta":"","footnotes":""},"categories":[13],"tags":[],"class_list":["post-1923","post","type-post","status-publish","format-standard","has-post-thumbnail","hentry","category-uutiset"],"yoast_head":"<!-- This site is optimized with the Yoast SEO plugin v26.8 - https:\/\/yoast.com\/product\/yoast-seo-wordpress\/ -->\n<title>Paula Kyr\u00f6lle Suomen Valkoisen Ruusun I luokan mitali | Yritt&auml;jyyskasvatuksen Tutkimusseura ry<\/title>\n<meta name=\"robots\" content=\"index, follow, max-snippet:-1, max-image-preview:large, max-video-preview:-1\" \/>\n<link rel=\"canonical\" href=\"https:\/\/www.ykts.fi\/en\/paula-kyrolle-suomen-valkoisen-ruusun-i-luokan-mitali\/\" \/>\n<meta property=\"og:locale\" content=\"en_GB\" \/>\n<meta property=\"og:type\" content=\"article\" \/>\n<meta property=\"og:title\" content=\"Paula Kyr\u00f6lle Suomen Valkoisen Ruusun I luokan mitali | Yritt&auml;jyyskasvatuksen Tutkimusseura ry\" \/>\n<meta property=\"og:description\" content=\"Tasavallan Presidentti, Suomen Valkoisen Ruusun ja Suomen Leijonan ritarikuntien suurmestari on p\u00e4\u00e4tt\u00e4nyt 6.12.2021 antaa ansioituneille Suomen kansalaisille kunniamerkit. Suomen Valkoisen Ruusun I luokan mitali on p\u00e4\u00e4tetty luovuttaa dosentti Paula Kyr\u00f6lle. Mitali luovutettiin YKTS2022 p\u00e4ivill\u00e4 Ylivieskassa. Suomen Valkoisen Ruusun ritarikuntien kunniamerkki annetaan is\u00e4nmaan palveluksessa ansioituneelle kansalaiselle tunnustukseksi huomattavista siviili- ja sotilasansioista. Ensisijaisena l\u00e4ht\u00f6kohtana on henkil\u00f6n henkil\u00f6kohtaiset &hellip; Paula Kyr\u00f6lle Suomen Valkoisen Ruusun I luokan mitali Read More &raquo;\" \/>\n<meta property=\"og:url\" content=\"https:\/\/www.ykts.fi\/en\/paula-kyrolle-suomen-valkoisen-ruusun-i-luokan-mitali\/\" \/>\n<meta property=\"og:site_name\" content=\"Yritt&auml;jyyskasvatuksen Tutkimusseura ry\" \/>\n<meta property=\"article:published_time\" content=\"2022-09-28T11:21:18+00:00\" \/>\n<meta property=\"article:modified_time\" content=\"2023-09-11T10:19:04+00:00\" \/>\n<meta property=\"og:image\" content=\"https:\/\/www.ykts.fi\/wp-content\/uploads\/2022\/09\/YKTS2022_ansiomitali-e1682681329466.jpg\" \/>\n\t<meta property=\"og:image:width\" content=\"1720\" \/>\n\t<meta property=\"og:image:height\" content=\"1147\" \/>\n\t<meta property=\"og:image:type\" content=\"image\/jpeg\" \/>\n<meta name=\"author\" content=\"YKTS ADMIN\" \/>\n<meta name=\"twitter:card\" content=\"summary_large_image\" \/>\n<meta name=\"twitter:label1\" content=\"Written by\" \/>\n\t<meta name=\"twitter:data1\" content=\"YKTS ADMIN\" \/>\n\t<meta name=\"twitter:label2\" content=\"Estimated reading time\" \/>\n\t<meta name=\"twitter:data2\" content=\"2 minutes\" \/>\n<script type=\"application\/ld+json\" class=\"yoast-schema-graph\">{\"@context\":\"https:\/\/schema.org\",\"@graph\":[{\"@type\":\"Article\",\"@id\":\"https:\/\/www.ykts.fi\/paula-kyrolle-suomen-valkoisen-ruusun-i-luokan-mitali\/#article\",\"isPartOf\":{\"@id\":\"https:\/\/www.ykts.fi\/paula-kyrolle-suomen-valkoisen-ruusun-i-luokan-mitali\/\"},\"author\":{\"name\":\"YKTS ADMIN\",\"@id\":\"https:\/\/www.ykts.fi\/#\/schema\/person\/2bcd7dbefce13b96852313f64bbf34a7\"},\"headline\":\"Paula Kyr\u00f6lle Suomen Valkoisen Ruusun I luokan mitali\",\"datePublished\":\"2022-09-28T11:21:18+00:00\",\"dateModified\":\"2023-09-11T10:19:04+00:00\",\"mainEntityOfPage\":{\"@id\":\"https:\/\/www.ykts.fi\/paula-kyrolle-suomen-valkoisen-ruusun-i-luokan-mitali\/\"},\"wordCount\":332,\"commentCount\":0,\"publisher\":{\"@id\":\"https:\/\/www.ykts.fi\/#organization\"},\"image\":{\"@id\":\"https:\/\/www.ykts.fi\/paula-kyrolle-suomen-valkoisen-ruusun-i-luokan-mitali\/#primaryimage\"},\"thumbnailUrl\":\"https:\/\/www.ykts.fi\/wp-content\/uploads\/2022\/09\/YKTS2022_ansiomitali-e1682681329466.jpg\",\"articleSection\":[\"Uutiset\"],\"inLanguage\":\"en-GB\",\"potentialAction\":[{\"@type\":\"CommentAction\",\"name\":\"Comment\",\"target\":[\"https:\/\/www.ykts.fi\/paula-kyrolle-suomen-valkoisen-ruusun-i-luokan-mitali\/#respond\"]}]},{\"@type\":\"WebPage\",\"@id\":\"https:\/\/www.ykts.fi\/paula-kyrolle-suomen-valkoisen-ruusun-i-luokan-mitali\/\",\"url\":\"https:\/\/www.ykts.fi\/paula-kyrolle-suomen-valkoisen-ruusun-i-luokan-mitali\/\",\"name\":\"Paula Kyr\u00f6lle Suomen Valkoisen Ruusun I luokan mitali | Yritt&auml;jyyskasvatuksen Tutkimusseura ry\",\"isPartOf\":{\"@id\":\"https:\/\/www.ykts.fi\/#website\"},\"primaryImageOfPage\":{\"@id\":\"https:\/\/www.ykts.fi\/paula-kyrolle-suomen-valkoisen-ruusun-i-luokan-mitali\/#primaryimage\"},\"image\":{\"@id\":\"https:\/\/www.ykts.fi\/paula-kyrolle-suomen-valkoisen-ruusun-i-luokan-mitali\/#primaryimage\"},\"thumbnailUrl\":\"https:\/\/www.ykts.fi\/wp-content\/uploads\/2022\/09\/YKTS2022_ansiomitali-e1682681329466.jpg\",\"datePublished\":\"2022-09-28T11:21:18+00:00\",\"dateModified\":\"2023-09-11T10:19:04+00:00\",\"breadcrumb\":{\"@id\":\"https:\/\/www.ykts.fi\/paula-kyrolle-suomen-valkoisen-ruusun-i-luokan-mitali\/#breadcrumb\"},\"inLanguage\":\"en-GB\",\"potentialAction\":[{\"@type\":\"ReadAction\",\"target\":[\"https:\/\/www.ykts.fi\/paula-kyrolle-suomen-valkoisen-ruusun-i-luokan-mitali\/\"]}]},{\"@type\":\"ImageObject\",\"inLanguage\":\"en-GB\",\"@id\":\"https:\/\/www.ykts.fi\/paula-kyrolle-suomen-valkoisen-ruusun-i-luokan-mitali\/#primaryimage\",\"url\":\"https:\/\/www.ykts.fi\/wp-content\/uploads\/2022\/09\/YKTS2022_ansiomitali-e1682681329466.jpg\",\"contentUrl\":\"https:\/\/www.ykts.fi\/wp-content\/uploads\/2022\/09\/YKTS2022_ansiomitali-e1682681329466.jpg\",\"width\":1720,\"height\":1147},{\"@type\":\"BreadcrumbList\",\"@id\":\"https:\/\/www.ykts.fi\/paula-kyrolle-suomen-valkoisen-ruusun-i-luokan-mitali\/#breadcrumb\",\"itemListElement\":[{\"@type\":\"ListItem\",\"position\":1,\"name\":\"Home\",\"item\":\"https:\/\/www.ykts.fi\/\"},{\"@type\":\"ListItem\",\"position\":2,\"name\":\"Paula Kyr\u00f6lle Suomen Valkoisen Ruusun I luokan mitali\"}]},{\"@type\":\"WebSite\",\"@id\":\"https:\/\/www.ykts.fi\/#website\",\"url\":\"https:\/\/www.ykts.fi\/\",\"name\":\"Yritt&auml;jyyskasvatuksen Tutkimusseura ry\",\"description\":\"Yritt&auml;jyyskasvatuksen Tutkimusseura ry\",\"publisher\":{\"@id\":\"https:\/\/www.ykts.fi\/#organization\"},\"potentialAction\":[{\"@type\":\"SearchAction\",\"target\":{\"@type\":\"EntryPoint\",\"urlTemplate\":\"https:\/\/www.ykts.fi\/?s={search_term_string}\"},\"query-input\":{\"@type\":\"PropertyValueSpecification\",\"valueRequired\":true,\"valueName\":\"search_term_string\"}}],\"inLanguage\":\"en-GB\"},{\"@type\":\"Organization\",\"@id\":\"https:\/\/www.ykts.fi\/#organization\",\"name\":\"Yritt&auml;jyyskasvatuksen Tutkimusseura ry\",\"url\":\"https:\/\/www.ykts.fi\/\",\"logo\":{\"@type\":\"ImageObject\",\"inLanguage\":\"en-GB\",\"@id\":\"https:\/\/www.ykts.fi\/#\/schema\/logo\/image\/\",\"url\":\"https:\/\/www.ykts.fi\/wp-content\/uploads\/2020\/12\/cropped-YKTS_ikoni-musta.png\",\"contentUrl\":\"https:\/\/www.ykts.fi\/wp-content\/uploads\/2020\/12\/cropped-YKTS_ikoni-musta.png\",\"width\":679,\"height\":443,\"caption\":\"Yritt&auml;jyyskasvatuksen Tutkimusseura ry\"},\"image\":{\"@id\":\"https:\/\/www.ykts.fi\/#\/schema\/logo\/image\/\"}},{\"@type\":\"Person\",\"@id\":\"https:\/\/www.ykts.fi\/#\/schema\/person\/2bcd7dbefce13b96852313f64bbf34a7\",\"name\":\"YKTS ADMIN\",\"url\":\"https:\/\/www.ykts.fi\/en\/author\/yktsadmin\/\"}]}<\/script>\n<!-- \/ Yoast SEO plugin. -->","yoast_head_json":{"title":"Paula Kyr\u00f6lle Suomen Valkoisen Ruusun I luokan mitali | Yritt&auml;jyyskasvatuksen Tutkimusseura ry","robots":{"index":"index","follow":"follow","max-snippet":"max-snippet:-1","max-image-preview":"max-image-preview:large","max-video-preview":"max-video-preview:-1"},"canonical":"https:\/\/www.ykts.fi\/en\/paula-kyrolle-suomen-valkoisen-ruusun-i-luokan-mitali\/","og_locale":"en_GB","og_type":"article","og_title":"Paula Kyr\u00f6lle Suomen Valkoisen Ruusun I luokan mitali | Yritt&auml;jyyskasvatuksen Tutkimusseura ry","og_description":"Tasavallan Presidentti, Suomen Valkoisen Ruusun ja Suomen Leijonan ritarikuntien suurmestari on p\u00e4\u00e4tt\u00e4nyt 6.12.2021 antaa ansioituneille Suomen kansalaisille kunniamerkit. Suomen Valkoisen Ruusun I luokan mitali on p\u00e4\u00e4tetty luovuttaa dosentti Paula Kyr\u00f6lle. Mitali luovutettiin YKTS2022 p\u00e4ivill\u00e4 Ylivieskassa. Suomen Valkoisen Ruusun ritarikuntien kunniamerkki annetaan is\u00e4nmaan palveluksessa ansioituneelle kansalaiselle tunnustukseksi huomattavista siviili- ja sotilasansioista. Ensisijaisena l\u00e4ht\u00f6kohtana on henkil\u00f6n henkil\u00f6kohtaiset &hellip; Paula Kyr\u00f6lle Suomen Valkoisen Ruusun I luokan mitali Read More &raquo;","og_url":"https:\/\/www.ykts.fi\/en\/paula-kyrolle-suomen-valkoisen-ruusun-i-luokan-mitali\/","og_site_name":"Yritt&auml;jyyskasvatuksen Tutkimusseura ry","article_published_time":"2022-09-28T11:21:18+00:00","article_modified_time":"2023-09-11T10:19:04+00:00","og_image":[{"width":1720,"height":1147,"url":"https:\/\/www.ykts.fi\/wp-content\/uploads\/2022\/09\/YKTS2022_ansiomitali-e1682681329466.jpg","type":"image\/jpeg"}],"author":"YKTS ADMIN","twitter_card":"summary_large_image","twitter_misc":{"Written by":"YKTS ADMIN","Estimated reading time":"2 minutes"},"schema":{"@context":"https:\/\/schema.org","@graph":[{"@type":"Article","@id":"https:\/\/www.ykts.fi\/paula-kyrolle-suomen-valkoisen-ruusun-i-luokan-mitali\/#article","isPartOf":{"@id":"https:\/\/www.ykts.fi\/paula-kyrolle-suomen-valkoisen-ruusun-i-luokan-mitali\/"},"author":{"name":"YKTS ADMIN","@id":"https:\/\/www.ykts.fi\/#\/schema\/person\/2bcd7dbefce13b96852313f64bbf34a7"},"headline":"Paula Kyr\u00f6lle Suomen Valkoisen Ruusun I luokan mitali","datePublished":"2022-09-28T11:21:18+00:00","dateModified":"2023-09-11T10:19:04+00:00","mainEntityOfPage":{"@id":"https:\/\/www.ykts.fi\/paula-kyrolle-suomen-valkoisen-ruusun-i-luokan-mitali\/"},"wordCount":332,"commentCount":0,"publisher":{"@id":"https:\/\/www.ykts.fi\/#organization"},"image":{"@id":"https:\/\/www.ykts.fi\/paula-kyrolle-suomen-valkoisen-ruusun-i-luokan-mitali\/#primaryimage"},"thumbnailUrl":"https:\/\/www.ykts.fi\/wp-content\/uploads\/2022\/09\/YKTS2022_ansiomitali-e1682681329466.jpg","articleSection":["Uutiset"],"inLanguage":"en-GB","potentialAction":[{"@type":"CommentAction","name":"Comment","target":["https:\/\/www.ykts.fi\/paula-kyrolle-suomen-valkoisen-ruusun-i-luokan-mitali\/#respond"]}]},{"@type":"WebPage","@id":"https:\/\/www.ykts.fi\/paula-kyrolle-suomen-valkoisen-ruusun-i-luokan-mitali\/","url":"https:\/\/www.ykts.fi\/paula-kyrolle-suomen-valkoisen-ruusun-i-luokan-mitali\/","name":"Paula Kyr\u00f6lle Suomen Valkoisen Ruusun I luokan mitali | Yritt&auml;jyyskasvatuksen Tutkimusseura ry","isPartOf":{"@id":"https:\/\/www.ykts.fi\/#website"},"primaryImageOfPage":{"@id":"https:\/\/www.ykts.fi\/paula-kyrolle-suomen-valkoisen-ruusun-i-luokan-mitali\/#primaryimage"},"image":{"@id":"https:\/\/www.ykts.fi\/paula-kyrolle-suomen-valkoisen-ruusun-i-luokan-mitali\/#primaryimage"},"thumbnailUrl":"https:\/\/www.ykts.fi\/wp-content\/uploads\/2022\/09\/YKTS2022_ansiomitali-e1682681329466.jpg","datePublished":"2022-09-28T11:21:18+00:00","dateModified":"2023-09-11T10:19:04+00:00","breadcrumb":{"@id":"https:\/\/www.ykts.fi\/paula-kyrolle-suomen-valkoisen-ruusun-i-luokan-mitali\/#breadcrumb"},"inLanguage":"en-GB","potentialAction":[{"@type":"ReadAction","target":["https:\/\/www.ykts.fi\/paula-kyrolle-suomen-valkoisen-ruusun-i-luokan-mitali\/"]}]},{"@type":"ImageObject","inLanguage":"en-GB","@id":"https:\/\/www.ykts.fi\/paula-kyrolle-suomen-valkoisen-ruusun-i-luokan-mitali\/#primaryimage","url":"https:\/\/www.ykts.fi\/wp-content\/uploads\/2022\/09\/YKTS2022_ansiomitali-e1682681329466.jpg","contentUrl":"https:\/\/www.ykts.fi\/wp-content\/uploads\/2022\/09\/YKTS2022_ansiomitali-e1682681329466.jpg","width":1720,"height":1147},{"@type":"BreadcrumbList","@id":"https:\/\/www.ykts.fi\/paula-kyrolle-suomen-valkoisen-ruusun-i-luokan-mitali\/#breadcrumb","itemListElement":[{"@type":"ListItem","position":1,"name":"Home","item":"https:\/\/www.ykts.fi\/"},{"@type":"ListItem","position":2,"name":"Paula Kyr\u00f6lle Suomen Valkoisen Ruusun I luokan mitali"}]},{"@type":"WebSite","@id":"https:\/\/www.ykts.fi\/#website","url":"https:\/\/www.ykts.fi\/","name":"Scientific Association for Entrepreneurship Education","description":"Scientific Association for Entrepreneurship Education","publisher":{"@id":"https:\/\/www.ykts.fi\/#organization"},"potentialAction":[{"@type":"SearchAction","target":{"@type":"EntryPoint","urlTemplate":"https:\/\/www.ykts.fi\/?s={search_term_string}"},"query-input":{"@type":"PropertyValueSpecification","valueRequired":true,"valueName":"search_term_string"}}],"inLanguage":"en-GB"},{"@type":"Organization","@id":"https:\/\/www.ykts.fi\/#organization","name":"Scientific Association for Entrepreneurship Education","url":"https:\/\/www.ykts.fi\/","logo":{"@type":"ImageObject","inLanguage":"en-GB","@id":"https:\/\/www.ykts.fi\/#\/schema\/logo\/image\/","url":"https:\/\/www.ykts.fi\/wp-content\/uploads\/2020\/12\/cropped-YKTS_ikoni-musta.png","contentUrl":"https:\/\/www.ykts.fi\/wp-content\/uploads\/2020\/12\/cropped-YKTS_ikoni-musta.png","width":679,"height":443,"caption":"Yritt&auml;jyyskasvatuksen Tutkimusseura ry"},"image":{"@id":"https:\/\/www.ykts.fi\/#\/schema\/logo\/image\/"}},{"@type":"Person","@id":"https:\/\/www.ykts.fi\/#\/schema\/person\/2bcd7dbefce13b96852313f64bbf34a7","name":"YKTS ADMIN","url":"https:\/\/www.ykts.fi\/en\/author\/yktsadmin\/"}]}},"_links":{"self":[{"href":"https:\/\/www.ykts.fi\/en\/wp-json\/wp\/v2\/posts\/1923","targetHints":{"allow":["GET"]}}],"collection":[{"href":"https:\/\/www.ykts.fi\/en\/wp-json\/wp\/v2\/posts"}],"about":[{"href":"https:\/\/www.ykts.fi\/en\/wp-json\/wp\/v2\/types\/post"}],"author":[{"embeddable":true,"href":"https:\/\/www.ykts.fi\/en\/wp-json\/wp\/v2\/users\/7"}],"replies":[{"embeddable":true,"href":"https:\/\/www.ykts.fi\/en\/wp-json\/wp\/v2\/comments?post=1923"}],"version-history":[{"count":1,"href":"https:\/\/www.ykts.fi\/en\/wp-json\/wp\/v2\/posts\/1923\/revisions"}],"predecessor-version":[{"id":1924,"href":"https:\/\/www.ykts.fi\/en\/wp-json\/wp\/v2\/posts\/1923\/revisions\/1924"}],"wp:featuredmedia":[{"embeddable":true,"href":"https:\/\/www.ykts.fi\/en\/wp-json\/wp\/v2\/media\/1712"}],"wp:attachment":[{"href":"https:\/\/www.ykts.fi\/en\/wp-json\/wp\/v2\/media?parent=1923"}],"wp:term":[{"taxonomy":"category","embeddable":true,"href":"https:\/\/www.ykts.fi\/en\/wp-json\/wp\/v2\/categories?post=1923"},{"taxonomy":"post_tag","embeddable":true,"href":"https:\/\/www.ykts.fi\/en\/wp-json\/wp\/v2\/tags?post=1923"}],"curies":[{"name":"wp","href":"https:\/\/api.w.org\/{rel}","templated":true}]}}