{"id":1411,"date":"2021-06-03T11:20:29","date_gmt":"2021-06-03T08:20:29","guid":{"rendered":"https:\/\/www.ykts.fi\/?p=1411"},"modified":"2023-09-11T12:30:45","modified_gmt":"2023-09-11T09:30:45","slug":"yrittajyyskasvatuspaivat-ykts2021-online-entrepreneurship-education-conference-ykts2021","status":"publish","type":"post","link":"https:\/\/www.ykts.fi\/en\/yrittajyyskasvatuspaivat-ykts2021-online-entrepreneurship-education-conference-ykts2021\/","title":{"rendered":"Yritt\u00e4jyyskasvatusp\u00e4iv\u00e4t YKTS2021 Online &#8211; Entrepreneurship Education Conference YKTS2021"},"content":{"rendered":"<p>Tervetuloa 15. Yritt\u00e4jyyskasvatusp\u00e4iville, jotka Lapin yliopisto ja Lapin ammattikorkeakoulu (LUC-konserni) j\u00e4rjest\u00e4v\u00e4t yhdess\u00e4 Yritt\u00e4jyyskasvatuksen tutkimusseuran kanssa online-tapahtumana 29.-30.9.2021. P\u00e4\u00e4teemana n\u00e4k\u00f6kulmia yritt\u00e4j\u00e4m\u00e4iseen tulevaisuuteen.<\/p>\n\n\n\n<p>Abstraktien j\u00e4tt\u00f6aikaa on viel\u00e4 hetki eli <strong>perjantaihin 4.6.2021 saakka \u2013 muista j\u00e4tt\u00e4\u00e4 abstraktisi<\/strong>. Yritt\u00e4jyyskasvatuksen tutkimuksen ja kehitt\u00e4misen tradition mukaisesti sek\u00e4 tieteelliset ett\u00e4 hyvinkin k\u00e4yt\u00e4nn\u00f6n esimerkit ovat tervetulleita p\u00e4iville mukaan.<\/p>\n\n\n\n<p>Toimi siis ja l\u00e4het\u00e4 abstraktisi YKTS2021 yritt\u00e4jyyskasvatusp\u00e4iville.<\/p>\n\n\n\n<p><strong>Writing instructions for abstracts:<\/strong><\/p>\n\n\n\n<ul class=\"wp-block-list\">\n<li>Enimm\u00e4ispituus on 250 sanaa sis\u00e4lt\u00e4en enint\u00e4\u00e4n 4 avainsanaa<\/li>\n\n\n\n<li>Abstraktiteksti l\u00e4hetet\u00e4\u00e4n s\u00e4hk\u00f6postin liitetiedostona word-muodossa osoitteeseen:&nbsp;<strong>ykts2021(at)ulapland.fi<\/strong><\/li>\n\n\n\n<li>Ilmoita s\u00e4hk\u00f6postin otsikkokent\u00e4ss\u00e4: YKTS2021 ja abstraktin otsikko<\/li>\n\n\n\n<li><strong>Abstraktista tulee k\u00e4yd\u00e4 ilmi:<\/strong><br>&#8211; Esitteleek\u00f6 abstrakti tieteellisen&nbsp;<em>tutkimuksen<\/em>&nbsp;vaiko&nbsp;<em>k\u00e4yt\u00e4nn\u00f6llisen kehitt\u00e4misty\u00f6n\/tapauksen<\/em>&nbsp;(ks. tarkemmat ohjeet molempiin oikealla)<br>&#8211; Alateema<br>&#8211; Abstraktin otsikko (max 10 sanaa)<br>&#8211; Kirjoittajien nimet ja organisaatiot sek\u00e4 vastaavan kirjoittajan s\u00e4hk\u00f6postiosoite<\/li>\n<\/ul>\n\n\n\n<p>EN<\/p>\n\n\n\n<p>Welcome to 15th Entrepreneurship Education Conference 29 \u2013 30 September. Due to the COVID-19, this year the conference is organized online. The organizers are the University of Lapland and the Lapland University of Applied Sciences (LUC Consortium) with the Scientific Association of Entrepreneurship Education.<\/p>\n\n\n\n<p>The theme of the conference is&nbsp;<strong>Views for an Entrepreneurial Future<\/strong>.<\/p>\n\n\n\n<p><strong>Remember submit your abstract \u2013 deadline is Friday June 4, 2021!<\/strong><\/p>\n\n\n\n<p>Both academic and practical papers are welcome!<\/p>\n\n\n\n<p><strong>Guidelines for abstracts:<\/strong><\/p>\n\n\n\n<ul class=\"wp-block-list\">\n<li>The max. limit for the abstract is 250 words including max. 4 key words<\/li>\n\n\n\n<li>Send your abstract via email in a Word format to:&nbsp;<strong>ykts2021(at)ulapland.fi<\/strong><\/li>\n\n\n\n<li>Title of the e-mail: YKTS2021 and the main title of your abstract<\/li>\n\n\n\n<li><strong>Abstract shall include:<\/strong><br>&#8211; If the abstract shares&nbsp;<em>a scientific research<\/em>&nbsp;or&nbsp;<em>a practical trial\/case<\/em>&nbsp;(pls. notice specific instructions on right)<br>&#8211; Subtheme<br>&#8211;&nbsp;The main title of the abstract: the max. limit is 10 words<br>&#8211; Authors\u2019 names and affiliations, and the e-mail address of the corresponding author<\/li>\n<\/ul>\n\n\n\n<p>Tapaamisiin online 29.9.-30.9.2021 \u2013 See you online September 29-30, 2021.<\/p>\n\n\n\n<p><\/p>","protected":false},"excerpt":{"rendered":"<p>Tervetuloa 15. Yritt\u00e4jyyskasvatusp\u00e4iville, jotka Lapin yliopisto ja Lapin ammattikorkeakoulu (LUC-konserni) j\u00e4rjest\u00e4v\u00e4t yhdess\u00e4 Yritt\u00e4jyyskasvatuksen tutkimusseuran kanssa online-tapahtumana 29.-30.9.2021. P\u00e4\u00e4teemana n\u00e4k\u00f6kulmia yritt\u00e4j\u00e4m\u00e4iseen tulevaisuuteen. Abstraktien j\u00e4tt\u00f6aikaa on viel\u00e4 hetki eli perjantaihin 4.6.2021 saakka \u2013 muista j\u00e4tt\u00e4\u00e4 abstraktisi. Yritt\u00e4jyyskasvatuksen tutkimuksen ja kehitt\u00e4misen tradition mukaisesti sek\u00e4 tieteelliset ett\u00e4 hyvinkin k\u00e4yt\u00e4nn\u00f6n esimerkit ovat tervetulleita p\u00e4iville mukaan. Toimi siis ja l\u00e4het\u00e4 abstraktisi &hellip;<\/p>\n<p class=\"read-more\"> <a class=\"\" href=\"https:\/\/www.ykts.fi\/en\/yrittajyyskasvatuspaivat-ykts2021-online-entrepreneurship-education-conference-ykts2021\/\"> <span class=\"screen-reader-text\">Yritt\u00e4jyyskasvatusp\u00e4iv\u00e4t YKTS2021 Online &#8211; Entrepreneurship Education Conference YKTS2021<\/span> Read More &raquo;<\/a><\/p>","protected":false},"author":5,"featured_media":0,"comment_status":"open","ping_status":"open","sticky":false,"template":"","format":"standard","meta":{"site-sidebar-layout":"default","site-content-layout":"default","ast-global-header-display":"","ast-main-header-display":"","ast-hfb-above-header-display":"","ast-hfb-below-header-display":"","ast-hfb-mobile-header-display":"","site-post-title":"","ast-breadcrumbs-content":"","ast-featured-img":"","footer-sml-layout":"","theme-transparent-header-meta":"default","adv-header-id-meta":"","stick-header-meta":"","header-above-stick-meta":"","header-main-stick-meta":"","header-below-stick-meta":"","footnotes":""},"categories":[13],"tags":[],"class_list":["post-1411","post","type-post","status-publish","format-standard","hentry","category-uutiset"],"yoast_head":"<!-- This site is optimized with the Yoast SEO plugin v26.8 - https:\/\/yoast.com\/product\/yoast-seo-wordpress\/ -->\n<title>Yritt\u00e4jyyskasvatusp\u00e4iv\u00e4t YKTS2021 Online - Entrepreneurship Education Conference YKTS2021 | Yritt&auml;jyyskasvatuksen Tutkimusseura ry<\/title>\n<meta name=\"robots\" content=\"index, follow, max-snippet:-1, max-image-preview:large, max-video-preview:-1\" \/>\n<link rel=\"canonical\" href=\"https:\/\/www.ykts.fi\/en\/yrittajyyskasvatuspaivat-ykts2021-online-entrepreneurship-education-conference-ykts2021\/\" \/>\n<meta property=\"og:locale\" content=\"en_GB\" \/>\n<meta property=\"og:type\" content=\"article\" \/>\n<meta property=\"og:title\" content=\"Yritt\u00e4jyyskasvatusp\u00e4iv\u00e4t YKTS2021 Online - Entrepreneurship Education Conference YKTS2021 | Yritt&auml;jyyskasvatuksen Tutkimusseura ry\" \/>\n<meta property=\"og:description\" content=\"Tervetuloa 15. Yritt\u00e4jyyskasvatusp\u00e4iville, jotka Lapin yliopisto ja Lapin ammattikorkeakoulu (LUC-konserni) j\u00e4rjest\u00e4v\u00e4t yhdess\u00e4 Yritt\u00e4jyyskasvatuksen tutkimusseuran kanssa online-tapahtumana 29.-30.9.2021. P\u00e4\u00e4teemana n\u00e4k\u00f6kulmia yritt\u00e4j\u00e4m\u00e4iseen tulevaisuuteen. Abstraktien j\u00e4tt\u00f6aikaa on viel\u00e4 hetki eli perjantaihin 4.6.2021 saakka \u2013 muista j\u00e4tt\u00e4\u00e4 abstraktisi. Yritt\u00e4jyyskasvatuksen tutkimuksen ja kehitt\u00e4misen tradition mukaisesti sek\u00e4 tieteelliset ett\u00e4 hyvinkin k\u00e4yt\u00e4nn\u00f6n esimerkit ovat tervetulleita p\u00e4iville mukaan. Toimi siis ja l\u00e4het\u00e4 abstraktisi &hellip; Yritt\u00e4jyyskasvatusp\u00e4iv\u00e4t YKTS2021 Online &#8211; Entrepreneurship Education Conference YKTS2021 Read More &raquo;\" \/>\n<meta property=\"og:url\" content=\"https:\/\/www.ykts.fi\/en\/yrittajyyskasvatuspaivat-ykts2021-online-entrepreneurship-education-conference-ykts2021\/\" \/>\n<meta property=\"og:site_name\" content=\"Yritt&auml;jyyskasvatuksen Tutkimusseura ry\" \/>\n<meta property=\"article:published_time\" content=\"2021-06-03T08:20:29+00:00\" \/>\n<meta property=\"article:modified_time\" content=\"2023-09-11T09:30:45+00:00\" \/>\n<meta name=\"author\" content=\"Anne Gustafsson-Pesonen\" \/>\n<meta name=\"twitter:card\" content=\"summary_large_image\" \/>\n<meta name=\"twitter:label1\" content=\"Written by\" \/>\n\t<meta name=\"twitter:data1\" content=\"Anne Gustafsson-Pesonen\" \/>\n\t<meta name=\"twitter:label2\" content=\"Estimated reading time\" \/>\n\t<meta name=\"twitter:data2\" content=\"2 minutes\" \/>\n<script type=\"application\/ld+json\" class=\"yoast-schema-graph\">{\"@context\":\"https:\/\/schema.org\",\"@graph\":[{\"@type\":\"Article\",\"@id\":\"https:\/\/www.ykts.fi\/yrittajyyskasvatuspaivat-ykts2021-online-entrepreneurship-education-conference-ykts2021\/#article\",\"isPartOf\":{\"@id\":\"https:\/\/www.ykts.fi\/yrittajyyskasvatuspaivat-ykts2021-online-entrepreneurship-education-conference-ykts2021\/\"},\"author\":{\"name\":\"Anne Gustafsson-Pesonen\",\"@id\":\"https:\/\/www.ykts.fi\/#\/schema\/person\/814192685d5b47110d63ca6047e709a5\"},\"headline\":\"Yritt\u00e4jyyskasvatusp\u00e4iv\u00e4t YKTS2021 Online &#8211; Entrepreneurship Education Conference YKTS2021\",\"datePublished\":\"2021-06-03T08:20:29+00:00\",\"dateModified\":\"2023-09-11T09:30:45+00:00\",\"mainEntityOfPage\":{\"@id\":\"https:\/\/www.ykts.fi\/yrittajyyskasvatuspaivat-ykts2021-online-entrepreneurship-education-conference-ykts2021\/\"},\"wordCount\":342,\"commentCount\":0,\"publisher\":{\"@id\":\"https:\/\/www.ykts.fi\/#organization\"},\"articleSection\":[\"Uutiset\"],\"inLanguage\":\"en-GB\",\"potentialAction\":[{\"@type\":\"CommentAction\",\"name\":\"Comment\",\"target\":[\"https:\/\/www.ykts.fi\/yrittajyyskasvatuspaivat-ykts2021-online-entrepreneurship-education-conference-ykts2021\/#respond\"]}]},{\"@type\":\"WebPage\",\"@id\":\"https:\/\/www.ykts.fi\/yrittajyyskasvatuspaivat-ykts2021-online-entrepreneurship-education-conference-ykts2021\/\",\"url\":\"https:\/\/www.ykts.fi\/yrittajyyskasvatuspaivat-ykts2021-online-entrepreneurship-education-conference-ykts2021\/\",\"name\":\"Yritt\u00e4jyyskasvatusp\u00e4iv\u00e4t YKTS2021 Online - Entrepreneurship Education Conference YKTS2021 | Yritt&auml;jyyskasvatuksen Tutkimusseura ry\",\"isPartOf\":{\"@id\":\"https:\/\/www.ykts.fi\/#website\"},\"datePublished\":\"2021-06-03T08:20:29+00:00\",\"dateModified\":\"2023-09-11T09:30:45+00:00\",\"breadcrumb\":{\"@id\":\"https:\/\/www.ykts.fi\/yrittajyyskasvatuspaivat-ykts2021-online-entrepreneurship-education-conference-ykts2021\/#breadcrumb\"},\"inLanguage\":\"en-GB\",\"potentialAction\":[{\"@type\":\"ReadAction\",\"target\":[\"https:\/\/www.ykts.fi\/yrittajyyskasvatuspaivat-ykts2021-online-entrepreneurship-education-conference-ykts2021\/\"]}]},{\"@type\":\"BreadcrumbList\",\"@id\":\"https:\/\/www.ykts.fi\/yrittajyyskasvatuspaivat-ykts2021-online-entrepreneurship-education-conference-ykts2021\/#breadcrumb\",\"itemListElement\":[{\"@type\":\"ListItem\",\"position\":1,\"name\":\"Home\",\"item\":\"https:\/\/www.ykts.fi\/\"},{\"@type\":\"ListItem\",\"position\":2,\"name\":\"Yritt\u00e4jyyskasvatusp\u00e4iv\u00e4t YKTS2021 Online &#8211; Entrepreneurship Education Conference YKTS2021\"}]},{\"@type\":\"WebSite\",\"@id\":\"https:\/\/www.ykts.fi\/#website\",\"url\":\"https:\/\/www.ykts.fi\/\",\"name\":\"Yritt&auml;jyyskasvatuksen Tutkimusseura ry\",\"description\":\"Yritt&auml;jyyskasvatuksen Tutkimusseura ry\",\"publisher\":{\"@id\":\"https:\/\/www.ykts.fi\/#organization\"},\"potentialAction\":[{\"@type\":\"SearchAction\",\"target\":{\"@type\":\"EntryPoint\",\"urlTemplate\":\"https:\/\/www.ykts.fi\/?s={search_term_string}\"},\"query-input\":{\"@type\":\"PropertyValueSpecification\",\"valueRequired\":true,\"valueName\":\"search_term_string\"}}],\"inLanguage\":\"en-GB\"},{\"@type\":\"Organization\",\"@id\":\"https:\/\/www.ykts.fi\/#organization\",\"name\":\"Yritt&auml;jyyskasvatuksen Tutkimusseura ry\",\"url\":\"https:\/\/www.ykts.fi\/\",\"logo\":{\"@type\":\"ImageObject\",\"inLanguage\":\"en-GB\",\"@id\":\"https:\/\/www.ykts.fi\/#\/schema\/logo\/image\/\",\"url\":\"https:\/\/www.ykts.fi\/wp-content\/uploads\/2020\/12\/cropped-YKTS_ikoni-musta.png\",\"contentUrl\":\"https:\/\/www.ykts.fi\/wp-content\/uploads\/2020\/12\/cropped-YKTS_ikoni-musta.png\",\"width\":679,\"height\":443,\"caption\":\"Yritt&auml;jyyskasvatuksen Tutkimusseura ry\"},\"image\":{\"@id\":\"https:\/\/www.ykts.fi\/#\/schema\/logo\/image\/\"}},{\"@type\":\"Person\",\"@id\":\"https:\/\/www.ykts.fi\/#\/schema\/person\/814192685d5b47110d63ca6047e709a5\",\"name\":\"Anne Gustafsson-Pesonen\",\"url\":\"https:\/\/www.ykts.fi\/en\/author\/angupe\/\"}]}<\/script>\n<!-- \/ Yoast SEO plugin. -->","yoast_head_json":{"title":"Yritt\u00e4jyyskasvatusp\u00e4iv\u00e4t YKTS2021 Online - Entrepreneurship Education Conference YKTS2021 | Yritt&auml;jyyskasvatuksen Tutkimusseura ry","robots":{"index":"index","follow":"follow","max-snippet":"max-snippet:-1","max-image-preview":"max-image-preview:large","max-video-preview":"max-video-preview:-1"},"canonical":"https:\/\/www.ykts.fi\/en\/yrittajyyskasvatuspaivat-ykts2021-online-entrepreneurship-education-conference-ykts2021\/","og_locale":"en_GB","og_type":"article","og_title":"Yritt\u00e4jyyskasvatusp\u00e4iv\u00e4t YKTS2021 Online - Entrepreneurship Education Conference YKTS2021 | Yritt&auml;jyyskasvatuksen Tutkimusseura ry","og_description":"Tervetuloa 15. Yritt\u00e4jyyskasvatusp\u00e4iville, jotka Lapin yliopisto ja Lapin ammattikorkeakoulu (LUC-konserni) j\u00e4rjest\u00e4v\u00e4t yhdess\u00e4 Yritt\u00e4jyyskasvatuksen tutkimusseuran kanssa online-tapahtumana 29.-30.9.2021. P\u00e4\u00e4teemana n\u00e4k\u00f6kulmia yritt\u00e4j\u00e4m\u00e4iseen tulevaisuuteen. Abstraktien j\u00e4tt\u00f6aikaa on viel\u00e4 hetki eli perjantaihin 4.6.2021 saakka \u2013 muista j\u00e4tt\u00e4\u00e4 abstraktisi. Yritt\u00e4jyyskasvatuksen tutkimuksen ja kehitt\u00e4misen tradition mukaisesti sek\u00e4 tieteelliset ett\u00e4 hyvinkin k\u00e4yt\u00e4nn\u00f6n esimerkit ovat tervetulleita p\u00e4iville mukaan. Toimi siis ja l\u00e4het\u00e4 abstraktisi &hellip; Yritt\u00e4jyyskasvatusp\u00e4iv\u00e4t YKTS2021 Online &#8211; Entrepreneurship Education Conference YKTS2021 Read More &raquo;","og_url":"https:\/\/www.ykts.fi\/en\/yrittajyyskasvatuspaivat-ykts2021-online-entrepreneurship-education-conference-ykts2021\/","og_site_name":"Yritt&auml;jyyskasvatuksen Tutkimusseura ry","article_published_time":"2021-06-03T08:20:29+00:00","article_modified_time":"2023-09-11T09:30:45+00:00","author":"Anne Gustafsson-Pesonen","twitter_card":"summary_large_image","twitter_misc":{"Written by":"Anne Gustafsson-Pesonen","Estimated reading time":"2 minutes"},"schema":{"@context":"https:\/\/schema.org","@graph":[{"@type":"Article","@id":"https:\/\/www.ykts.fi\/yrittajyyskasvatuspaivat-ykts2021-online-entrepreneurship-education-conference-ykts2021\/#article","isPartOf":{"@id":"https:\/\/www.ykts.fi\/yrittajyyskasvatuspaivat-ykts2021-online-entrepreneurship-education-conference-ykts2021\/"},"author":{"name":"Anne Gustafsson-Pesonen","@id":"https:\/\/www.ykts.fi\/#\/schema\/person\/814192685d5b47110d63ca6047e709a5"},"headline":"Yritt\u00e4jyyskasvatusp\u00e4iv\u00e4t YKTS2021 Online &#8211; Entrepreneurship Education Conference YKTS2021","datePublished":"2021-06-03T08:20:29+00:00","dateModified":"2023-09-11T09:30:45+00:00","mainEntityOfPage":{"@id":"https:\/\/www.ykts.fi\/yrittajyyskasvatuspaivat-ykts2021-online-entrepreneurship-education-conference-ykts2021\/"},"wordCount":342,"commentCount":0,"publisher":{"@id":"https:\/\/www.ykts.fi\/#organization"},"articleSection":["Uutiset"],"inLanguage":"en-GB","potentialAction":[{"@type":"CommentAction","name":"Comment","target":["https:\/\/www.ykts.fi\/yrittajyyskasvatuspaivat-ykts2021-online-entrepreneurship-education-conference-ykts2021\/#respond"]}]},{"@type":"WebPage","@id":"https:\/\/www.ykts.fi\/yrittajyyskasvatuspaivat-ykts2021-online-entrepreneurship-education-conference-ykts2021\/","url":"https:\/\/www.ykts.fi\/yrittajyyskasvatuspaivat-ykts2021-online-entrepreneurship-education-conference-ykts2021\/","name":"Yritt\u00e4jyyskasvatusp\u00e4iv\u00e4t YKTS2021 Online - Entrepreneurship Education Conference YKTS2021 | Yritt&auml;jyyskasvatuksen Tutkimusseura ry","isPartOf":{"@id":"https:\/\/www.ykts.fi\/#website"},"datePublished":"2021-06-03T08:20:29+00:00","dateModified":"2023-09-11T09:30:45+00:00","breadcrumb":{"@id":"https:\/\/www.ykts.fi\/yrittajyyskasvatuspaivat-ykts2021-online-entrepreneurship-education-conference-ykts2021\/#breadcrumb"},"inLanguage":"en-GB","potentialAction":[{"@type":"ReadAction","target":["https:\/\/www.ykts.fi\/yrittajyyskasvatuspaivat-ykts2021-online-entrepreneurship-education-conference-ykts2021\/"]}]},{"@type":"BreadcrumbList","@id":"https:\/\/www.ykts.fi\/yrittajyyskasvatuspaivat-ykts2021-online-entrepreneurship-education-conference-ykts2021\/#breadcrumb","itemListElement":[{"@type":"ListItem","position":1,"name":"Home","item":"https:\/\/www.ykts.fi\/"},{"@type":"ListItem","position":2,"name":"Yritt\u00e4jyyskasvatusp\u00e4iv\u00e4t YKTS2021 Online &#8211; Entrepreneurship Education Conference YKTS2021"}]},{"@type":"WebSite","@id":"https:\/\/www.ykts.fi\/#website","url":"https:\/\/www.ykts.fi\/","name":"Scientific Association for Entrepreneurship Education","description":"Scientific Association for Entrepreneurship Education","publisher":{"@id":"https:\/\/www.ykts.fi\/#organization"},"potentialAction":[{"@type":"SearchAction","target":{"@type":"EntryPoint","urlTemplate":"https:\/\/www.ykts.fi\/?s={search_term_string}"},"query-input":{"@type":"PropertyValueSpecification","valueRequired":true,"valueName":"search_term_string"}}],"inLanguage":"en-GB"},{"@type":"Organization","@id":"https:\/\/www.ykts.fi\/#organization","name":"Scientific Association for Entrepreneurship Education","url":"https:\/\/www.ykts.fi\/","logo":{"@type":"ImageObject","inLanguage":"en-GB","@id":"https:\/\/www.ykts.fi\/#\/schema\/logo\/image\/","url":"https:\/\/www.ykts.fi\/wp-content\/uploads\/2020\/12\/cropped-YKTS_ikoni-musta.png","contentUrl":"https:\/\/www.ykts.fi\/wp-content\/uploads\/2020\/12\/cropped-YKTS_ikoni-musta.png","width":679,"height":443,"caption":"Yritt&auml;jyyskasvatuksen Tutkimusseura ry"},"image":{"@id":"https:\/\/www.ykts.fi\/#\/schema\/logo\/image\/"}},{"@type":"Person","@id":"https:\/\/www.ykts.fi\/#\/schema\/person\/814192685d5b47110d63ca6047e709a5","name":"Anne Gustafsson-Pesonen","url":"https:\/\/www.ykts.fi\/en\/author\/angupe\/"}]}},"_links":{"self":[{"href":"https:\/\/www.ykts.fi\/en\/wp-json\/wp\/v2\/posts\/1411","targetHints":{"allow":["GET"]}}],"collection":[{"href":"https:\/\/www.ykts.fi\/en\/wp-json\/wp\/v2\/posts"}],"about":[{"href":"https:\/\/www.ykts.fi\/en\/wp-json\/wp\/v2\/types\/post"}],"author":[{"embeddable":true,"href":"https:\/\/www.ykts.fi\/en\/wp-json\/wp\/v2\/users\/5"}],"replies":[{"embeddable":true,"href":"https:\/\/www.ykts.fi\/en\/wp-json\/wp\/v2\/comments?post=1411"}],"version-history":[{"count":2,"href":"https:\/\/www.ykts.fi\/en\/wp-json\/wp\/v2\/posts\/1411\/revisions"}],"predecessor-version":[{"id":2162,"href":"https:\/\/www.ykts.fi\/en\/wp-json\/wp\/v2\/posts\/1411\/revisions\/2162"}],"wp:attachment":[{"href":"https:\/\/www.ykts.fi\/en\/wp-json\/wp\/v2\/media?parent=1411"}],"wp:term":[{"taxonomy":"category","embeddable":true,"href":"https:\/\/www.ykts.fi\/en\/wp-json\/wp\/v2\/categories?post=1411"},{"taxonomy":"post_tag","embeddable":true,"href":"https:\/\/www.ykts.fi\/en\/wp-json\/wp\/v2\/tags?post=1411"}],"curies":[{"name":"wp","href":"https:\/\/api.w.org\/{rel}","templated":true}]}}